{"id":768489,"date":"2015-04-18T08:00:24","date_gmt":"2015-04-18T06:00:24","guid":{"rendered":"https:\/\/dailynewshungary.com\/de\/manu-chao-im-budapester-park\/"},"modified":"2015-04-18T08:00:24","modified_gmt":"2015-04-18T06:00:24","slug":"manu-chao-im-budapester-park","status":"publish","type":"post","link":"https:\/\/dailynewshungary.com\/de\/manu-chao-im-budapester-park\/","title":{"rendered":"Manu Chao im Budapester Park"},"content":{"rendered":"<p><strong>Zwei Jahre nach seinem ausverkauften Konzert wird Manu Chao wieder im Budapester Park auftretenDer weltbekannte baskisch-spanische Songwriter und Performer, der in Frankreich geboren wurde, wird am 13. Juli ein Konzert im Open-Air-Club geben, sagte magyarhirlap.hu.<\/strong><\/p>\n<p>Der Auftritt des 54-j\u00e4hrigen Manu Chao im Budapester Park vor zwei Jahren wurde von vielen in Ungarn als das Konzert des Jahres angesehenManu Chao, der f\u00fcr seine popul\u00e4ren Lieder, sein soziales Engagement, seine weltoffene Art und seine Militanz bekannt ist, wird mit seiner La Ventura-Produktion in die Hauptstadt mit seinen drei Begleitern gebildet 6 die Organisatoren gegen\u00fcber MTI.<\/p>\n<p>In der Band spielen neben dem Frontmann Manu Chao (urspr\u00fcnglich Jose Manuel Arturo Tomas genannt) Madjid Fahem die Gitarre, Philippe Teboul das Schlagzeug und Gambeat (Jean Michel Dercourt) den Bass Bekannte und legend\u00e4re Lieder und nie geh\u00f6rte Lieder, die in ihrem Repertoire enthalten sind.<\/p>\n<p>Kritiker schrieben \u00fcber ihr Konzert in Budapest vor zwei Jahren: \u201cIch wei\u00df nicht, ob sie eine Setlist hatten, aber es schien, dass sie das spielten, was der Chef zuf\u00e4llig begonnen hatte, so viele Tracks und mehr singende Teile wurden von Zeit zu Zeit wiederholt und das Publikum war sehr gl\u00fccklich deswegen Man hatte das Gef\u00fchl, es sei ein zweist\u00fcndiges ununterbrochenes Fest, das sich nur schwer auf einzelne Songs isolieren lie\u00df\u201d.<\/p>\n<p>Laut magyarhirlap.hu ist Manu Chao seit einem Vierteljahrhundert ein einflussreicher Interpret der Popmusik der Welt, der in der zweiten H\u00e4lfte der achtziger Jahre mit Mano Negra seinen ersten Erfolg erzielte und 1998 sein erstes Soloalbum, Clandestino, erschien Die Musik des Manu Chao ist von \u201cStra\u00dfen\u201d &#8211; Kulturen inspiriert, die je nach Land und Stadt variieren. Somit ist die multikulturelle und mehrsprachige Musik, die so geboren wurde, das Medley aus Rock, Reggae, Punk und Ska, das Kl\u00e4nge und Rhythmen aus verschiedenen Teilen der Erde sammelt. All dies ist auf Englisch, Spanisch, Franz\u00f6sisch oder Italienisch und vermischt sich auch in einem Lied.<\/p>\n<p><iframe loading=\"lazy\" title=\"Manu Chao - WOODSTOCK Festival Poland 2014\" width=\"1480\" height=\"833\" src=\"https:\/\/www.youtube.com\/embed\/_3BdFY8PGKw?feature=oembed\" frameborder=\"0\" allow=\"accelerometer; autoplay; clipboard-write; encrypted-media; gyroscope; picture-in-picture; web-share\" referrerpolicy=\"strict-origin-when-cross-origin\" allowfullscreen=\"\"><\/iframe><\/p>\n<p>Die intellektuellen Eltern des Musikers waren aus der Franco-Diktatur nach Frankreich eingewandert, er hat sich in Paris und seinen Vororten sozialisiert, dieser Effekt bestimmt seine Kunst auch heute noch.<\/p>\n<p>Manu Chao hat Ungarn mehrmals besucht: Er gab Konzerte in der Petofi Hall im Jahr 2002, beim Sziget Festival im Jahr 2007 und beim Volt Festival im Jahr 2008<\/p>\n<p><em>Basierend auf dem Artikel von magyarhirlap.hu<br \/>\n\u00dcbersetzt von B.A<\/em><\/p>\n<p><em>Foto: <span style=\"color: #3366ff;\"><a style=\"color: #3366ff;\" href=\"https:\/\/www.facebook.com\/manuchao\/photos_stream\" target=\"_blank\" rel=\"noopener\">Manu Chao Facebook-Seite<\/a><\/span><\/em><\/p>\n","protected":false},"excerpt":{"rendered":"<p>Zwei Jahre nach seinem ausverkauften Konzert wird Manu Chao wieder im Budapester Park auftretenDer weltbekannte baskisch-spanische Songwriter und Performer, der in Frankreich geboren wurde, wird am 13. Juli ein Konzert im Open-Air-Club geben, sagte magyarhirlap.hu. Der Auftritt des 54-j\u00e4hrigen Manu Chao im Budapester Park vor zwei Jahren wurde von vielen in Ungarn als das Konzert [&hellip;]<\/p>\n","protected":false},"author":3,"featured_media":768490,"comment_status":"open","ping_status":"open","sticky":false,"template":"","format":"standard","meta":{"_acf_changed":false,"_display_image":"","footnotes":""},"categories":[1151],"tags":[1111,1314,1263],"class_list":["post-768489","post","type-post","status-publish","format-standard","has-post-thumbnail","hentry","category-kulturen","tag-budapest","tag-kunst","tag-musik"],"blocksy_meta":[],"acf":[],"author_username":"becsi","telegram_post":"","public_post_metadata":{"breaking_news":"","important":"","csempe":"","center_tile":"","disable_thumbnail":"","target_lang":"","_featured_image_style":"","telegram_post":"","_xlat_group_id":""},"public_rank_math_data":{"title":"%title% %sep% %sitename%","description":"","focus_keyword":"","canonical_url":"","robots":"","primary_category":"1151","breadcrumb_title":"","facebook_title":"","facebook_description":"","facebook_image":"","facebook_image_id":"","twitter_title":"","twitter_description":"","twitter_image":"","twitter_image_id":"","twitter_card_type":"","twitter_use_facebook":"","advanced_robots":"","pillar_content":"","seo_score":"","contentai_score":"","rich_snippet":""},"_links":{"self":[{"href":"https:\/\/dailynewshungary.com\/de\/wp-json\/wp\/v2\/posts\/768489","targetHints":{"allow":["GET"]}}],"collection":[{"href":"https:\/\/dailynewshungary.com\/de\/wp-json\/wp\/v2\/posts"}],"about":[{"href":"https:\/\/dailynewshungary.com\/de\/wp-json\/wp\/v2\/types\/post"}],"author":[{"embeddable":true,"href":"https:\/\/dailynewshungary.com\/de\/wp-json\/wp\/v2\/users\/3"}],"replies":[{"embeddable":true,"href":"https:\/\/dailynewshungary.com\/de\/wp-json\/wp\/v2\/comments?post=768489"}],"version-history":[{"count":0,"href":"https:\/\/dailynewshungary.com\/de\/wp-json\/wp\/v2\/posts\/768489\/revisions"}],"wp:featuredmedia":[{"embeddable":true,"href":"https:\/\/dailynewshungary.com\/de\/wp-json\/wp\/v2\/media\/768490"}],"wp:attachment":[{"href":"https:\/\/dailynewshungary.com\/de\/wp-json\/wp\/v2\/media?parent=768489"}],"wp:term":[{"taxonomy":"category","embeddable":true,"href":"https:\/\/dailynewshungary.com\/de\/wp-json\/wp\/v2\/categories?post=768489"},{"taxonomy":"post_tag","embeddable":true,"href":"https:\/\/dailynewshungary.com\/de\/wp-json\/wp\/v2\/tags?post=768489"}],"curies":[{"name":"wp","href":"https:\/\/api.w.org\/{rel}","templated":true}]}}