{"id":768527,"date":"2015-04-15T19:52:12","date_gmt":"2015-04-15T17:52:12","guid":{"rendered":"https:\/\/dailynewshungary.com\/de\/parteichef-vona-entsendet-rassisten-aus-jobbik\/"},"modified":"2015-04-15T19:52:12","modified_gmt":"2015-04-15T17:52:12","slug":"parteichef-vona-entsendet-rassisten-aus-jobbik","status":"publish","type":"post","link":"https:\/\/dailynewshungary.com\/de\/parteichef-vona-entsendet-rassisten-aus-jobbik\/","title":{"rendered":"Parteichef Vona entsendet Rassisten aus Jobbik"},"content":{"rendered":"<p><strong>Diejenigen, die denken, dass diese Partei Menschen aufgrund von Rasse, Religion oder irgendetwas anderem auszeichnet, sind versehentlich Mitglieder der Partei \u201esagte G\u00e1bor Vona. Der Parteivorsitzende sandte eine Botschaft an anti-romafeindliche und antisemitische Mitglieder, um eine neue Partei zu finden, sagte origo.hu.<\/strong><\/p>\n<p>G\u00e1bor Vona sprach auf einer Pressekonferenz im Parlament dar\u00fcber. Der erste Mann der Partei bezeichnete den Sieg von Lajos Rig (Jobbik) nach dem n\u00e4chsten Tag der Tapolca-Wahlen als historisch bedeutsam.<\/p>\n<p><strong>Kein Platz f\u00fcr Rassisten in Jobbik<\/strong><\/p>\n<p>Gabor Vona will in Jobbik einen Volksparteiprozess machen, laut Hir24 habe der Politiker die Verantwortung f\u00fcr ihre eigenen \u201cVerwunderungen\u201d \u00fcbernommen und er werde sie \u201cabschneiden\u201d.<\/p>\n<p>Er sandte eine Botschaft an die antisemitischen und antimomatischen Mitglieder: Jobbik hat und wird kein Programm haben, das Menschen nach ihrer Rasse, Religion oder anderen Dingen unterscheidet Wie er sagte, wenn jemand das erwarten w\u00fcrde, war er\/sie versehentlich in der Partei Sie sagten ihnen, sie sollten eine andere Partei finden.<\/p>\n<p><em>Basierend auf dem Artikel von origo.hu<br \/>\n\u00dcbersetzt von B.A<\/em><\/p>\n<p><em>Foto: MTI<\/em><\/p>\n","protected":false},"excerpt":{"rendered":"<p>Diejenigen, die denken, dass diese Partei Menschen aufgrund von Rasse, Religion oder irgendetwas anderem auszeichnet, sind versehentlich Mitglieder der Partei \u201esagte G\u00e1bor Vona. Der Parteivorsitzende sandte eine Botschaft an anti-romafeindliche und antisemitische Mitglieder, um eine neue Partei zu finden, sagte origo.hu. G\u00e1bor Vona sprach auf einer Pressekonferenz im Parlament dar\u00fcber. Der erste Mann der Partei [&hellip;]<\/p>\n","protected":false},"author":3,"featured_media":768528,"comment_status":"open","ping_status":"open","sticky":false,"template":"","format":"standard","meta":{"_acf_changed":false,"_display_image":"","footnotes":""},"categories":[1081],"tags":[1632],"class_list":["post-768527","post","type-post","status-publish","format-standard","has-post-thumbnail","hentry","category-politik","tag-jobbik"],"blocksy_meta":[],"acf":[],"author_username":"becsi","telegram_post":"","public_post_metadata":{"breaking_news":"","important":"","csempe":"","center_tile":"","disable_thumbnail":"","target_lang":"","_featured_image_style":"","telegram_post":"","_xlat_group_id":""},"public_rank_math_data":{"title":"%title% %sep% %sitename%","description":"","focus_keyword":"","canonical_url":"","robots":"","primary_category":"1081","breadcrumb_title":"","facebook_title":"","facebook_description":"","facebook_image":"","facebook_image_id":"","twitter_title":"","twitter_description":"","twitter_image":"","twitter_image_id":"","twitter_card_type":"","twitter_use_facebook":"","advanced_robots":"","pillar_content":"","seo_score":"","contentai_score":"","rich_snippet":""},"_links":{"self":[{"href":"https:\/\/dailynewshungary.com\/de\/wp-json\/wp\/v2\/posts\/768527","targetHints":{"allow":["GET"]}}],"collection":[{"href":"https:\/\/dailynewshungary.com\/de\/wp-json\/wp\/v2\/posts"}],"about":[{"href":"https:\/\/dailynewshungary.com\/de\/wp-json\/wp\/v2\/types\/post"}],"author":[{"embeddable":true,"href":"https:\/\/dailynewshungary.com\/de\/wp-json\/wp\/v2\/users\/3"}],"replies":[{"embeddable":true,"href":"https:\/\/dailynewshungary.com\/de\/wp-json\/wp\/v2\/comments?post=768527"}],"version-history":[{"count":0,"href":"https:\/\/dailynewshungary.com\/de\/wp-json\/wp\/v2\/posts\/768527\/revisions"}],"wp:featuredmedia":[{"embeddable":true,"href":"https:\/\/dailynewshungary.com\/de\/wp-json\/wp\/v2\/media\/768528"}],"wp:attachment":[{"href":"https:\/\/dailynewshungary.com\/de\/wp-json\/wp\/v2\/media?parent=768527"}],"wp:term":[{"taxonomy":"category","embeddable":true,"href":"https:\/\/dailynewshungary.com\/de\/wp-json\/wp\/v2\/categories?post=768527"},{"taxonomy":"post_tag","embeddable":true,"href":"https:\/\/dailynewshungary.com\/de\/wp-json\/wp\/v2\/tags?post=768527"}],"curies":[{"name":"wp","href":"https:\/\/api.w.org\/{rel}","templated":true}]}}