{"id":768529,"date":"2015-04-15T18:00:06","date_gmt":"2015-04-15T16:00:06","guid":{"rendered":"https:\/\/dailynewshungary.com\/de\/liget-ist-heute-die-groste-museumsentwicklung-europas\/"},"modified":"2015-04-15T18:00:06","modified_gmt":"2015-04-15T16:00:06","slug":"liget-ist-heute-die-groste-museumsentwicklung-europas","status":"publish","type":"post","link":"https:\/\/dailynewshungary.com\/de\/liget-ist-heute-die-groste-museumsentwicklung-europas\/","title":{"rendered":"Liget ist heute die gr\u00f6\u00dfte Museumsentwicklung Europas"},"content":{"rendered":"<p><strong>Liget ist heute die gr\u00f6\u00dfte Museumsentwicklung Europas; Es ist nat\u00fcrlich, dass es unterschiedliche Meinungen gibt. \u201eLaszlo Baan, Generaldirektor des Museums der Sch\u00f6nen K\u00fcnste und Ministerkommissar des Projekts, reagierte am Montag in der Debatte im Katona Jozsef Theater auf die Zweifel an einer \u00c4nderung der Entwicklungsrichtung, hvg.hu sagte.<\/strong><\/p>\n<p>Alida Veiszer Gespr\u00e4chsleiterin erinnerte daran, dass der Parlamentarische Sekret\u00e4r des Ministerpr\u00e4sidenten Laszlo L. Simon sagte: Der Neubau der Ungarischen Nationalgalerie (MNG) h\u00e4tte im Budaer Schloss statt im Stadtpark stehen sollen, da der Architekt Gabor Zoboki auch \u00e4hnliche Pl\u00e4ne produzierte, so der ModeratorLaszlo Baan meinte jedoch, es habe keine neue Dynamik im Streit gegeben.<\/p>\n<p>Laszlo Baan sagte, er beantworte die Fragen zum Verkehrsmuseum: Es werde am 15. April geschlossen, die meisten Objekte der Sammlung w\u00fcrden ab Ende des Sommers an tempor\u00e4ren Ausstellungsorten zu sehen sein und sie w\u00fcrden 2018 in ein neues Geb\u00e4ude zur\u00fcckkehren Er betonte, dass sie nicht nur den Status des Museums vor dem Krieg wiederherstellen w\u00fcrden, sondern auch zwei unterirdische Ebenen gebaut w\u00fcrden.<\/p>\n<p>Wie er sich erinnerte, ist die Luftfahrtgeschichtliche Ausstellung bereits getrennt, mehrere Fahrzeuge sind Depot des Verkehrsmuseums im Eisenbahnmuseum, ein Teil der Stra\u00dfenbahnen steht in Szentendre, er meinte, es w\u00e4re ratsam, die gro\u00dfen Fahrzeuge an einem Ort zusammenzuf\u00fchren, die Dieselhalle des Fahrzeugreparaturwerkes Nord w\u00e4re ideal, kostete aber 5-10 Mrd. HUF, so dass die Regierung dar\u00fcber entscheiden musste.<\/p>\n<p>Baan pl\u00e4dierte f\u00fcr das Fotomuseum Budapest, da es vier Sch\u00f6pfer gibt, die alle mit der Fotografie zu tun haben und in den 20 Jahren gez\u00e4hlt werden<sup>th<\/sup> Ungarische bildende Kunst des \u2013 Jahrhunderts: Moholy-Nagy, Andre Kertesz, Capa und Brassai Ein ungarisches Fotomuseum k\u00f6nnte internationale Stars pr\u00e4sentieren, aber auch Zeitgenossen wie Andras Dezso aus den USA zeigen.<\/p>\n<p>Architekt Mihaly Balazs sagte \u00fcber das Ungarische Architekturmuseum, dass Architektur nicht ausgestellt werden k\u00f6nne, aber es gebe \u201cProdukte\u201d, die einen Wert als Blaupause oder Modell darstellen Der Kunsthistoriker Istvan Barkoczi w\u00fcrde Fragmente historischer Geb\u00e4ude und Modelle bestehender ber\u00fchmter Geb\u00e4ude pr\u00e4sentieren, aber im Gegenteil, Laszlo Baan sagte, das Museum h\u00e4tte sich gew\u00fcnscht, dass es Architektur in einer soziohistorischen Perspektive, als Abenteuer, untersuchen w\u00fcrde.<\/p>\n<p>Laut dem \u00c4stheten Peter Gyorgy gibt es ein paar gute Architekturmuseen auf der Welt. Er glaubt, dass ein Architekturmuseum die M\u00f6glichkeit bieten k\u00f6nnte, dass Architektur wieder Teil der \u00f6ffentlichen Rede Ungarns wird.<\/p>\n<p>Auf die Frage nach den Fortschritten sagte Laszlo Baan, dass die Stadtplanung ge\u00e4ndert und ein internationaler Designwettbewerb angek\u00fcndigt werden m\u00fcsse, die Regierung k\u00fcmmere sich um die notwendigen Ressourcen.<\/p>\n<p>Das Thema Gr\u00fcnfl\u00e4chen sei ein interessantes Problem \u2013 er f\u00fcgte hinzuZurzeit haben 35% des Cityparks betonierte Fl\u00e4che, so dass auf Kosten dieser der Anteil der Gr\u00fcnfl\u00e4chen trotz der Konstruktionen erh\u00f6ht werden kann.<\/p>\n<p>Istvan Barkoczi stellte die Zusammenlegung des Museums der Sch\u00f6nen K\u00fcnste und der Nationalgalerie in Frage und sagte \u201ces war eine legitime Sache, die nationale Sammlung eines Landes separat zu pr\u00e4sentieren\u201d Peter Gyorgy war damit nicht einverstandenMihaly Balazs sagte \u201ces ist keine ketzerische Sache\u201d, neue Geb\u00e4ude anstelle der abgerissenen zu errichten Er sagte, die Liget sei ein schrecklicher Zustand und es w\u00e4re nach dem Projekt viel besser Istvan Barkoczi meinte, die Sammlung der Nationalgalerie sollte getrennt vom Museum der Sch\u00f6nen K\u00fcnste an ihrem jetzigen Standort oder in einem Neubau im Szent Gyorgy ter im Schloss aufbewahrt werden, weil sie f\u00fcr die Revitalisierung des Schlosses notwendig sei.<\/p>\n<p>Peter Gyorgy sagte, das Schloss sei seit 1945 ein schwieriger politischer Raum gewesen und seitdem habe es keine guten L\u00f6sungen mehr gegeben. Die Sanierung des Palastes in der Kadar-\u00c4ra habe unbrauchbare Orte geschaffen und es m\u00fcsse etwas getan werden, sagte er.<\/p>\n<p>Laszlo Baan sagte, die f\u00fcnf Museen des Projekts k\u00f6nnten an mehreren anderen Orten in der Stadt gebaut werden, aber es bestehe keine wirkliche Chance auf eine getrennte Verwirklichung, wenn die Regierung auch die wirtschaftliche Rendite des Projekts erw\u00e4ge, da eine Marke Liget nur \u00fcber Museen verf\u00fcge, Zoo, Bad und Park k\u00f6nnten j\u00e4hrlich eine weitere Million Besucher anziehen.<\/p>\n<p><em>basierend auf dem Artikel von hvg.hu<br \/>\n\u00dcbersetzt von B.A<\/em><\/p>\n<p><em>Foto: www.epiteszforum.hu<\/em><\/p>\n","protected":false},"excerpt":{"rendered":"<p>Liget ist heute die gr\u00f6\u00dfte Museumsentwicklung Europas; Es ist nat\u00fcrlich, dass es unterschiedliche Meinungen gibt. \u201eLaszlo Baan, Generaldirektor des Museums der Sch\u00f6nen K\u00fcnste und Ministerkommissar des Projekts, reagierte am Montag in der Debatte im Katona Jozsef Theater auf die Zweifel an einer \u00c4nderung der Entwicklungsrichtung, hvg.hu sagte. Alida Veiszer Gespr\u00e4chsleiterin erinnerte daran, dass der Parlamentarische [&hellip;]<\/p>\n","protected":false},"author":3,"featured_media":768530,"comment_status":"open","ping_status":"open","sticky":false,"template":"","format":"standard","meta":{"_acf_changed":false,"_display_image":"","footnotes":""},"categories":[1151],"tags":[1111],"class_list":["post-768529","post","type-post","status-publish","format-standard","has-post-thumbnail","hentry","category-kulturen","tag-budapest"],"blocksy_meta":[],"acf":[],"author_username":"becsi","telegram_post":"","public_post_metadata":{"breaking_news":"","important":"","csempe":"","center_tile":"","disable_thumbnail":"","target_lang":"","_featured_image_style":"","telegram_post":"","_xlat_group_id":""},"public_rank_math_data":{"title":"%title% %sep% %sitename%","description":"","focus_keyword":"","canonical_url":"","robots":"","primary_category":"1151","breadcrumb_title":"","facebook_title":"","facebook_description":"","facebook_image":"","facebook_image_id":"","twitter_title":"","twitter_description":"","twitter_image":"","twitter_image_id":"","twitter_card_type":"","twitter_use_facebook":"","advanced_robots":"","pillar_content":"","seo_score":"","contentai_score":"","rich_snippet":""},"_links":{"self":[{"href":"https:\/\/dailynewshungary.com\/de\/wp-json\/wp\/v2\/posts\/768529","targetHints":{"allow":["GET"]}}],"collection":[{"href":"https:\/\/dailynewshungary.com\/de\/wp-json\/wp\/v2\/posts"}],"about":[{"href":"https:\/\/dailynewshungary.com\/de\/wp-json\/wp\/v2\/types\/post"}],"author":[{"embeddable":true,"href":"https:\/\/dailynewshungary.com\/de\/wp-json\/wp\/v2\/users\/3"}],"replies":[{"embeddable":true,"href":"https:\/\/dailynewshungary.com\/de\/wp-json\/wp\/v2\/comments?post=768529"}],"version-history":[{"count":0,"href":"https:\/\/dailynewshungary.com\/de\/wp-json\/wp\/v2\/posts\/768529\/revisions"}],"wp:featuredmedia":[{"embeddable":true,"href":"https:\/\/dailynewshungary.com\/de\/wp-json\/wp\/v2\/media\/768530"}],"wp:attachment":[{"href":"https:\/\/dailynewshungary.com\/de\/wp-json\/wp\/v2\/media?parent=768529"}],"wp:term":[{"taxonomy":"category","embeddable":true,"href":"https:\/\/dailynewshungary.com\/de\/wp-json\/wp\/v2\/categories?post=768529"},{"taxonomy":"post_tag","embeddable":true,"href":"https:\/\/dailynewshungary.com\/de\/wp-json\/wp\/v2\/tags?post=768529"}],"curies":[{"name":"wp","href":"https:\/\/api.w.org\/{rel}","templated":true}]}}