{"id":768543,"date":"2015-04-14T22:13:54","date_gmt":"2015-04-14T20:13:54","guid":{"rendered":"https:\/\/dailynewshungary.com\/de\/die-regierung-stellt-15-mrd-huf-fur-den-erwerb-der-anteile-im-ersten-bereit\/"},"modified":"2015-04-14T22:13:54","modified_gmt":"2015-04-14T20:13:54","slug":"die-regierung-stellt-15-mrd-huf-fur-den-erwerb-der-anteile-im-ersten-bereit","status":"publish","type":"post","link":"https:\/\/dailynewshungary.com\/de\/die-regierung-stellt-15-mrd-huf-fur-den-erwerb-der-anteile-im-ersten-bereit\/","title":{"rendered":"Die Regierung stellt 15 Mrd. HUF f\u00fcr den Erwerb der Anteile im Ersten bereit"},"content":{"rendered":"<p><strong>Budapest, 14. April (MTI) \u2013 Die Regierung hat 15 Milliarden Forint (50,6 Mio. EUR) f\u00fcr den Erwerb einer 15-prozentigen Beteiligung an der ungarischen Einheit der Erste Bank bereitgestellt, wie eine Stellungnahme des Finanzrats vom Dienstag zu \u00c4nderungen des Haushalts 2015 zeigt.<\/strong><\/p>\n<p>Aus einer auf der Website des Rates herausgegebenen Erkl\u00e4rung geht hervor, dass eine Erh\u00f6hung der Ausgaben es dem Staat erm\u00f6glichen wird, in Zusammenarbeit mit der Europ\u00e4ischen Bank f\u00fcr Wiederaufbau und Entwicklung (EBWE) eine Beteiligung von 15 Prozent an der Erste Bank zu erwerben Im Einklang mit den europ\u00e4ischen Rechnungslegungsvorschriften werde der Erwerb das Defizit nicht beeintr\u00e4chtigen, f\u00fcgte er hinzu.<\/p>\n<p>Der \u00c4nderung zufolge werden durch den Schritt die Zentralausgaben um 61 Milliarden Forint und die Zentraleinnahmen um 46 Milliarden Forint erh\u00f6ht.<\/p>\n<p>Ungarns Regierung und die EBWE einigten sich beide bereits im Februar darauf, Anteile von bis zu 15 Prozent pro St\u00fcck an der ungarischen Einheit der \u00f6sterreichischen Erste Group zu kaufen. Die Regierung k\u00fcndigte au\u00dferdem eine Senkung der Bankenabgabe an.<\/p>\n<p><em><span class=\"_r3\"><span class=\"irc_ho\" dir=\"ltr\">Foto: <\/span><\/span><span class=\"_r3\"><a class=\"_ZR irc_hol\" href=\"http:\/\/www.egerhirek.hu\/megnyugodtak-az-erste-bank-ugyfelei\/\" data-ved=\"0CAYQjB0\" target=\"_blank\" rel=\"noopener\"><span class=\"irc_ho\" dir=\"ltr\">www.egerhirek.hu<\/span><\/a><span class=\"irc_ho\" dir=\"ltr\"> \u2013 \u2013 <\/span><span class=\"irc_ho\" dir=\"ltr\">Michaela Bruckberger<\/span><\/span><\/em><\/p>\n","protected":false},"excerpt":{"rendered":"<p>Budapest, 14. April (MTI) \u2013 Die Regierung hat 15 Milliarden Forint (50,6 Mio. EUR) f\u00fcr den Erwerb einer 15-prozentigen Beteiligung an der ungarischen Einheit der Erste Bank bereitgestellt, wie eine Stellungnahme des Finanzrats vom Dienstag zu \u00c4nderungen des Haushalts 2015 zeigt. Aus einer auf der Website des Rates herausgegebenen Erkl\u00e4rung geht hervor, dass eine Erh\u00f6hung [&hellip;]<\/p>\n","protected":false},"author":2,"featured_media":768544,"comment_status":"open","ping_status":"open","sticky":false,"template":"","format":"standard","meta":{"_acf_changed":false,"_display_image":"","footnotes":""},"categories":[1281],"tags":[3757,1104],"class_list":["post-768543","post","type-post","status-publish","format-standard","has-post-thumbnail","hentry","category-geschaft","tag-ebwe","tag-wirtschaft"],"blocksy_meta":[],"acf":[],"author_username":"alk","telegram_post":"","public_post_metadata":{"breaking_news":"","important":"","csempe":"","center_tile":"","disable_thumbnail":"","target_lang":"","_featured_image_style":"","telegram_post":"","_xlat_group_id":""},"public_rank_math_data":{"title":"%title% %sep% %sitename%","description":"","focus_keyword":"","canonical_url":"","robots":"","primary_category":"1281","breadcrumb_title":"","facebook_title":"","facebook_description":"","facebook_image":"","facebook_image_id":"","twitter_title":"","twitter_description":"","twitter_image":"","twitter_image_id":"","twitter_card_type":"","twitter_use_facebook":"","advanced_robots":"","pillar_content":"","seo_score":"","contentai_score":"","rich_snippet":""},"_links":{"self":[{"href":"https:\/\/dailynewshungary.com\/de\/wp-json\/wp\/v2\/posts\/768543","targetHints":{"allow":["GET"]}}],"collection":[{"href":"https:\/\/dailynewshungary.com\/de\/wp-json\/wp\/v2\/posts"}],"about":[{"href":"https:\/\/dailynewshungary.com\/de\/wp-json\/wp\/v2\/types\/post"}],"author":[{"embeddable":true,"href":"https:\/\/dailynewshungary.com\/de\/wp-json\/wp\/v2\/users\/2"}],"replies":[{"embeddable":true,"href":"https:\/\/dailynewshungary.com\/de\/wp-json\/wp\/v2\/comments?post=768543"}],"version-history":[{"count":0,"href":"https:\/\/dailynewshungary.com\/de\/wp-json\/wp\/v2\/posts\/768543\/revisions"}],"wp:featuredmedia":[{"embeddable":true,"href":"https:\/\/dailynewshungary.com\/de\/wp-json\/wp\/v2\/media\/768544"}],"wp:attachment":[{"href":"https:\/\/dailynewshungary.com\/de\/wp-json\/wp\/v2\/media?parent=768543"}],"wp:term":[{"taxonomy":"category","embeddable":true,"href":"https:\/\/dailynewshungary.com\/de\/wp-json\/wp\/v2\/categories?post=768543"},{"taxonomy":"post_tag","embeddable":true,"href":"https:\/\/dailynewshungary.com\/de\/wp-json\/wp\/v2\/tags?post=768543"}],"curies":[{"name":"wp","href":"https:\/\/api.w.org\/{rel}","templated":true}]}}