{"id":768595,"date":"2015-04-11T12:34:33","date_gmt":"2015-04-11T10:34:33","guid":{"rendered":"https:\/\/dailynewshungary.com\/de\/orban-verspricht-bis-2018-eine-vierspurige-strase-nach-eger\/"},"modified":"2015-04-11T12:34:33","modified_gmt":"2015-04-11T10:34:33","slug":"orban-verspricht-bis-2018-eine-vierspurige-strase-nach-eger","status":"publish","type":"post","link":"https:\/\/dailynewshungary.com\/de\/orban-verspricht-bis-2018-eine-vierspurige-strase-nach-eger\/","title":{"rendered":"Orban verspricht bis 2018 eine vierspurige Stra\u00dfe nach Eger"},"content":{"rendered":"<p><strong>Budapest (MTI) \u2013 Die Stadt Eger im Norden wird bis 2018 im Rahmen einer am Freitag von Ministerpr\u00e4sident Viktor Orban und Eger-B\u00fcrgermeister Laszlo Habis unterzeichneten Vereinbarung durch eine vierspurige Autobahn mit der Autobahn M3 verbunden.<\/strong><\/p>\n<p>Die Vereinbarung umfasst auch ein 6,3 Milliarden Forint (21,1 Mio. EUR) teures Projekt zur Modernisierung des Schwimmkomplexes von Eger und zur Umwandlung in ein Schwimm- und Wasserpolozentrum, sagte Orban auf einer live im Fernsehen \u00fcbertragenen Pressekonferenz.<\/p>\n<p>Die Renovierung des Egerer Schlosses werde durch Entwicklungen erg\u00e4nzt, die weitere 6 Milliarden Forint kosten w\u00fcrden, f\u00fcgte er hinzu.<\/p>\n<p>Dar\u00fcber hinaus wird die staatliche Eisenbahngesellschaft MAV 9 Hektar Land an die Stadt \u00fcbertragen, das mit einem bestehenden Gebiet zu einem 20 Hektar gro\u00dfen Industriepark verbunden wird, sagte Orban auf der vom \u00f6ffentlichen Nachrichtensender M1 ausgestrahlten Pressekonferenz.<\/p>\n<p>Orban sagte, das Entwicklungsprogramm mit insgesamt 50 Milliarden Forint werde nach dem Programm f\u00fcr Sopron das zweite Element eines Programms namens Modern Cities sein.<\/p>\n<p>Er sagte, l\u00e4ndliche St\u00e4dte seien der Schl\u00fcssel zur Entwicklung des l\u00e4ndlichen Ungarns, und um die D\u00f6rfer zu st\u00e4rken, sei es notwendig, \u201cMachtzentren\u201d um Ungarn herum einzurichten.<\/p>\n<p>\u201eWenn wir Ungarn keine neue Wirtschaftspolitik schaffen, wenn wir nicht deutlich machen, dass eine neue Au\u00dfenpolitik notwendig ist, wenn wir unser Bildungssystem nicht modernisieren, dann wird Ungarn in der sich st\u00e4ndig ver\u00e4ndernden Welt keinen Erfolg haben.\u201c\u201d Orban sagte.<\/p>\n<p>Auf eine Frage antwortete er, dass es das Ziel der Regierung sei, bis 2018 alle St\u00e4dte mit Kreisrang an das nationale Autobahn- und Autobahnnetz anzuschlie\u00dfen und alle Autobahnen zu erweitern, um die Grenzen zu erreichen.<\/p>\n<p><em>Foto: MTI<\/em><\/p>\n","protected":false},"excerpt":{"rendered":"<p>Budapest (MTI) \u2013 Die Stadt Eger im Norden wird bis 2018 im Rahmen einer am Freitag von Ministerpr\u00e4sident Viktor Orban und Eger-B\u00fcrgermeister Laszlo Habis unterzeichneten Vereinbarung durch eine vierspurige Autobahn mit der Autobahn M3 verbunden. Die Vereinbarung umfasst auch ein 6,3 Milliarden Forint (21,1 Mio. EUR) teures Projekt zur Modernisierung des Schwimmkomplexes von Eger und [&hellip;]<\/p>\n","protected":false},"author":2,"featured_media":768596,"comment_status":"open","ping_status":"open","sticky":false,"template":"","format":"standard","meta":{"_acf_changed":false,"_display_image":"","footnotes":""},"categories":[1081],"tags":[1297,1128],"class_list":["post-768595","post","type-post","status-publish","format-standard","has-post-thumbnail","hentry","category-politik","tag-transport","tag-viktor-orban"],"blocksy_meta":[],"acf":[],"author_username":"alk","telegram_post":"","public_post_metadata":{"breaking_news":"","important":"","csempe":"","center_tile":"","disable_thumbnail":"","target_lang":"","_featured_image_style":"","telegram_post":"","_xlat_group_id":""},"public_rank_math_data":{"title":"%title% %sep% %sitename%","description":"","focus_keyword":"","canonical_url":"","robots":"","primary_category":"1081","breadcrumb_title":"","facebook_title":"","facebook_description":"","facebook_image":"","facebook_image_id":"","twitter_title":"","twitter_description":"","twitter_image":"","twitter_image_id":"","twitter_card_type":"","twitter_use_facebook":"","advanced_robots":"","pillar_content":"","seo_score":"","contentai_score":"","rich_snippet":""},"_links":{"self":[{"href":"https:\/\/dailynewshungary.com\/de\/wp-json\/wp\/v2\/posts\/768595","targetHints":{"allow":["GET"]}}],"collection":[{"href":"https:\/\/dailynewshungary.com\/de\/wp-json\/wp\/v2\/posts"}],"about":[{"href":"https:\/\/dailynewshungary.com\/de\/wp-json\/wp\/v2\/types\/post"}],"author":[{"embeddable":true,"href":"https:\/\/dailynewshungary.com\/de\/wp-json\/wp\/v2\/users\/2"}],"replies":[{"embeddable":true,"href":"https:\/\/dailynewshungary.com\/de\/wp-json\/wp\/v2\/comments?post=768595"}],"version-history":[{"count":0,"href":"https:\/\/dailynewshungary.com\/de\/wp-json\/wp\/v2\/posts\/768595\/revisions"}],"wp:featuredmedia":[{"embeddable":true,"href":"https:\/\/dailynewshungary.com\/de\/wp-json\/wp\/v2\/media\/768596"}],"wp:attachment":[{"href":"https:\/\/dailynewshungary.com\/de\/wp-json\/wp\/v2\/media?parent=768595"}],"wp:term":[{"taxonomy":"category","embeddable":true,"href":"https:\/\/dailynewshungary.com\/de\/wp-json\/wp\/v2\/categories?post=768595"},{"taxonomy":"post_tag","embeddable":true,"href":"https:\/\/dailynewshungary.com\/de\/wp-json\/wp\/v2\/tags?post=768595"}],"curies":[{"name":"wp","href":"https:\/\/api.w.org\/{rel}","templated":true}]}}