{"id":768615,"date":"2015-04-09T18:00:01","date_gmt":"2015-04-09T16:00:01","guid":{"rendered":"https:\/\/dailynewshungary.com\/de\/der-charterflug-von-air-croatia-zagreb-budapest-ist-noch-nicht-lange-in-betrieb\/"},"modified":"2015-04-09T18:00:01","modified_gmt":"2015-04-09T16:00:01","slug":"der-charterflug-von-air-croatia-zagreb-budapest-ist-noch-nicht-lange-in-betrieb","status":"publish","type":"post","link":"https:\/\/dailynewshungary.com\/de\/der-charterflug-von-air-croatia-zagreb-budapest-ist-noch-nicht-lange-in-betrieb\/","title":{"rendered":"Der Charterflug von Air Croatia Zagreb-Budapest ist noch nicht lange in Betrieb"},"content":{"rendered":"<p><strong>Der Flug wurde nach dem Hin- und Herflug ausgesetzt, der dreimal pro Woche zwischen der kroatischen und der ungarischen Hauptstadt gewechselt w\u00e4re und die fr\u00fcheren Fl\u00fcge von Qatar Airways ersetzt h\u00e4tte, sagte vs.hu.<\/strong><\/p>\n<p><strong>Verwandter Artikel:<\/strong><br \/>\n<span style=\"color: #0000ff;\"><a style=\"color: #0000ff;\" href=\"https:\/\/dailynewshungary.com\/de\/das-ende-des-leidens-im-zug-startflug-zwischen-budapest-und-zagreb\/\" target=\"_blank\">DAS ENDE DES LEIDENS IM ZUG: FLUG ZUM START ZWISCHEN BUDAPEST UND ZAGREB<\/a><\/span><\/p>\n<p>Air Croatia Airlines hat ihren Flug in Budapest bis Juni ausgesetzt, schrieb das ch-aviation-Magazin.<\/p>\n<p>Die Fluggesellschaften starteten mit geleasten Flugzeugen am 2. April, eine der ersten Strecken war der Budapest-Flug, der nach einem Tag bis Juni ausgesetzt worden war, nach den fr\u00fcheren Planungen h\u00e4tte der Flug dreimal w\u00f6chentlich zwischen Zagreb und Budapest durchgef\u00fchrt.<\/p>\n<p><em>Basierend auf dem Artikel von vs.hu<br \/>\n\u00dcbersetzt von B.A<\/em><\/p>\n<p><em>Foto: www.flyflytravel.com<\/em><\/p>\n","protected":false},"excerpt":{"rendered":"<p>Der Flug wurde nach dem Hin- und Herflug ausgesetzt, der dreimal pro Woche zwischen der kroatischen und der ungarischen Hauptstadt gewechselt w\u00e4re und die fr\u00fcheren Fl\u00fcge von Qatar Airways ersetzt h\u00e4tte, sagte vs.hu. Verwandter Artikel: DAS ENDE DES LEIDENS IM ZUG: FLUG ZUM START ZWISCHEN BUDAPEST UND ZAGREB Air Croatia Airlines hat ihren Flug in [&hellip;]<\/p>\n","protected":false},"author":3,"featured_media":768616,"comment_status":"open","ping_status":"open","sticky":false,"template":"","format":"standard","meta":{"_acf_changed":false,"_display_image":"","footnotes":""},"categories":[1281],"tags":[1199,1079],"class_list":["post-768615","post","type-post","status-publish","format-standard","has-post-thumbnail","hentry","category-geschaft","tag-kroatien","tag-tourismus"],"blocksy_meta":[],"acf":[],"author_username":"becsi","telegram_post":"","public_post_metadata":{"breaking_news":"","important":"","csempe":"","center_tile":"","disable_thumbnail":"","target_lang":"","_featured_image_style":"","telegram_post":"","_xlat_group_id":""},"public_rank_math_data":{"title":"%title% %sep% %sitename%","description":"","focus_keyword":"","canonical_url":"","robots":"","primary_category":"1281","breadcrumb_title":"","facebook_title":"","facebook_description":"","facebook_image":"","facebook_image_id":"","twitter_title":"","twitter_description":"","twitter_image":"","twitter_image_id":"","twitter_card_type":"","twitter_use_facebook":"","advanced_robots":"","pillar_content":"","seo_score":"","contentai_score":"","rich_snippet":""},"_links":{"self":[{"href":"https:\/\/dailynewshungary.com\/de\/wp-json\/wp\/v2\/posts\/768615","targetHints":{"allow":["GET"]}}],"collection":[{"href":"https:\/\/dailynewshungary.com\/de\/wp-json\/wp\/v2\/posts"}],"about":[{"href":"https:\/\/dailynewshungary.com\/de\/wp-json\/wp\/v2\/types\/post"}],"author":[{"embeddable":true,"href":"https:\/\/dailynewshungary.com\/de\/wp-json\/wp\/v2\/users\/3"}],"replies":[{"embeddable":true,"href":"https:\/\/dailynewshungary.com\/de\/wp-json\/wp\/v2\/comments?post=768615"}],"version-history":[{"count":0,"href":"https:\/\/dailynewshungary.com\/de\/wp-json\/wp\/v2\/posts\/768615\/revisions"}],"wp:featuredmedia":[{"embeddable":true,"href":"https:\/\/dailynewshungary.com\/de\/wp-json\/wp\/v2\/media\/768616"}],"wp:attachment":[{"href":"https:\/\/dailynewshungary.com\/de\/wp-json\/wp\/v2\/media?parent=768615"}],"wp:term":[{"taxonomy":"category","embeddable":true,"href":"https:\/\/dailynewshungary.com\/de\/wp-json\/wp\/v2\/categories?post=768615"},{"taxonomy":"post_tag","embeddable":true,"href":"https:\/\/dailynewshungary.com\/de\/wp-json\/wp\/v2\/tags?post=768615"}],"curies":[{"name":"wp","href":"https:\/\/api.w.org\/{rel}","templated":true}]}}