{"id":768661,"date":"2015-04-06T14:01:17","date_gmt":"2015-04-06T12:01:17","guid":{"rendered":"https:\/\/dailynewshungary.com\/de\/die-sozialisten-legten-dem-parlament-einen-resolutionsentwurf-zur-armut-vor\/"},"modified":"2015-04-06T14:01:17","modified_gmt":"2015-04-06T12:01:17","slug":"die-sozialisten-legten-dem-parlament-einen-resolutionsentwurf-zur-armut-vor","status":"publish","type":"post","link":"https:\/\/dailynewshungary.com\/de\/die-sozialisten-legten-dem-parlament-einen-resolutionsentwurf-zur-armut-vor\/","title":{"rendered":"Die Sozialisten legten dem Parlament einen Resolutionsentwurf zur Armut vor"},"content":{"rendered":"<p><strong>Budapest, 6. April (MTI) \u2013 MSZP hat dem Parlament einen Resolutionsentwurf wegen wachsender Armut vorgelegt (die Partei teilte MTI am Montag mit.<\/strong><\/p>\n<p>Der Vorschlag w\u00fcrde die Regierung dazu verpflichten, im kommenden Haushalt 2016 Geld f\u00fcr eine Erh\u00f6hung der Kinderleistungen, Sozialleistungen, Mindestrenten sowie Kinderschutzdienste um mindestens 30% bereitzustellen, hei\u00dft es in der Mitteilung.<\/p>\n<p>Der Vorschlag w\u00fcrde die Regierung auch dazu verpflichten, die ganzj\u00e4hrige Verpflegung bed\u00fcrftiger Kinder zu regeln, den Lohn der Sozialarbeiter um 30% anzuheben und die L\u00f6hne der \u00f6ffentlichen Arbeitnehmer auf das Niveau des Mindestlohns anzuheben.<\/p>\n<p><em>Basierend auf dem Artikel von MTI<br \/>\n\u00dcbersetzt von B.A<\/em><\/p>\n","protected":false},"excerpt":{"rendered":"<p>Budapest, 6. April (MTI) \u2013 MSZP hat dem Parlament einen Resolutionsentwurf wegen wachsender Armut vorgelegt (die Partei teilte MTI am Montag mit. Der Vorschlag w\u00fcrde die Regierung dazu verpflichten, im kommenden Haushalt 2016 Geld f\u00fcr eine Erh\u00f6hung der Kinderleistungen, Sozialleistungen, Mindestrenten sowie Kinderschutzdienste um mindestens 30% bereitzustellen, hei\u00dft es in der Mitteilung. Der Vorschlag w\u00fcrde [&hellip;]<\/p>\n","protected":false},"author":3,"featured_media":768662,"comment_status":"open","ping_status":"open","sticky":false,"template":"","format":"standard","meta":{"_acf_changed":false,"_display_image":"","footnotes":""},"categories":[1081],"tags":[1695],"class_list":["post-768661","post","type-post","status-publish","format-standard","has-post-thumbnail","hentry","category-politik","tag-sozialisten"],"blocksy_meta":[],"acf":[],"author_username":"becsi","telegram_post":"","public_post_metadata":{"breaking_news":"","important":"","csempe":"","center_tile":"","disable_thumbnail":"","target_lang":"","_featured_image_style":"","telegram_post":"","_xlat_group_id":""},"public_rank_math_data":{"title":"%title% %sep% %sitename%","description":"","focus_keyword":"","canonical_url":"","robots":"","primary_category":"1081","breadcrumb_title":"","facebook_title":"","facebook_description":"","facebook_image":"","facebook_image_id":"","twitter_title":"","twitter_description":"","twitter_image":"","twitter_image_id":"","twitter_card_type":"","twitter_use_facebook":"","advanced_robots":"","pillar_content":"","seo_score":"","contentai_score":"","rich_snippet":""},"_links":{"self":[{"href":"https:\/\/dailynewshungary.com\/de\/wp-json\/wp\/v2\/posts\/768661","targetHints":{"allow":["GET"]}}],"collection":[{"href":"https:\/\/dailynewshungary.com\/de\/wp-json\/wp\/v2\/posts"}],"about":[{"href":"https:\/\/dailynewshungary.com\/de\/wp-json\/wp\/v2\/types\/post"}],"author":[{"embeddable":true,"href":"https:\/\/dailynewshungary.com\/de\/wp-json\/wp\/v2\/users\/3"}],"replies":[{"embeddable":true,"href":"https:\/\/dailynewshungary.com\/de\/wp-json\/wp\/v2\/comments?post=768661"}],"version-history":[{"count":0,"href":"https:\/\/dailynewshungary.com\/de\/wp-json\/wp\/v2\/posts\/768661\/revisions"}],"wp:featuredmedia":[{"embeddable":true,"href":"https:\/\/dailynewshungary.com\/de\/wp-json\/wp\/v2\/media\/768662"}],"wp:attachment":[{"href":"https:\/\/dailynewshungary.com\/de\/wp-json\/wp\/v2\/media?parent=768661"}],"wp:term":[{"taxonomy":"category","embeddable":true,"href":"https:\/\/dailynewshungary.com\/de\/wp-json\/wp\/v2\/categories?post=768661"},{"taxonomy":"post_tag","embeddable":true,"href":"https:\/\/dailynewshungary.com\/de\/wp-json\/wp\/v2\/tags?post=768661"}],"curies":[{"name":"wp","href":"https:\/\/api.w.org\/{rel}","templated":true}]}}