{"id":768669,"date":"2015-04-05T18:10:27","date_gmt":"2015-04-05T16:10:27","guid":{"rendered":"https:\/\/dailynewshungary.com\/de\/demonstration-fur-burgerrechte-in-budapest\/"},"modified":"2015-04-05T18:10:27","modified_gmt":"2015-04-05T16:10:27","slug":"demonstration-fur-burgerrechte-in-budapest","status":"publish","type":"post","link":"https:\/\/dailynewshungary.com\/de\/demonstration-fur-burgerrechte-in-budapest\/","title":{"rendered":"Demonstration f\u00fcr B\u00fcrgerrechte in Budapest"},"content":{"rendered":"<p><strong>Ein paar Dutzend Menschen protestierten am Freitag in Budapest f\u00fcr B\u00fcrgerrechteDie Demonstranten marschierten von der 5<sup>th<\/sup> Bezirk Jozsef Nandor ter, der zwei Br\u00fccken ber\u00fchrt, zum Parlament, sagte origo.hu.<\/strong><\/p>\n<p>Zoltan Buki, Vorsitzender der Zivilgesellschaft f\u00fcr das Demokratische Ungarn, sagte bei seiner Demonstration, ihr Ziel sei es, die Aufmerksamkeit der Regierung auf die Konsultation der B\u00fcrger zu lenken, bevor sie Entscheidungen treffen. Vor den 30 versammelten Menschen sagte er, er h\u00e4tte f\u00fcr ihre Rechte demonstriert.<\/p>\n<p>Zoltan Buki erinnerte: Es waren diejenigen, die die Kettenbr\u00fccke (Lanchid) und die Freiheitsbr\u00fccke (Szabadsaghid) schlossen, um f\u00fcr kurze Zeit zu protestieren.<\/p>\n<p>Die Demonstranten gingen auf der Linie Jozsef Attila utca-Karoly korut-Astoria-Kossuth Lajos utca-Szabad sajto ut-Erzsebet hid-Attila ut-Lanchid utca-Clark Adam ter-Lanchid-Akademia utca zum Kossuth ter, wo weitere Reden wurden in Anwesenheit von etwa 50 Demonstranten gehalten.<\/p>\n<p><em>Basierend auf dem Artikel von origo.hu<br \/>\n\u00dcbersetzt von B.A<\/em><\/p>\n<p><em>Foto: MTI<\/em><\/p>\n","protected":false},"excerpt":{"rendered":"<p>Ein paar Dutzend Menschen protestierten am Freitag in Budapest f\u00fcr B\u00fcrgerrechteDie Demonstranten marschierten von der 5th Bezirk Jozsef Nandor ter, der zwei Br\u00fccken ber\u00fchrt, zum Parlament, sagte origo.hu. Zoltan Buki, Vorsitzender der Zivilgesellschaft f\u00fcr das Demokratische Ungarn, sagte bei seiner Demonstration, ihr Ziel sei es, die Aufmerksamkeit der Regierung auf die Konsultation der B\u00fcrger zu [&hellip;]<\/p>\n","protected":false},"author":3,"featured_media":768670,"comment_status":"open","ping_status":"open","sticky":false,"template":"","format":"standard","meta":{"_acf_changed":false,"_display_image":"","footnotes":""},"categories":[1081],"tags":[1266],"class_list":["post-768669","post","type-post","status-publish","format-standard","has-post-thumbnail","hentry","category-politik","tag-demonstration"],"blocksy_meta":[],"acf":[],"author_username":"becsi","telegram_post":"","public_post_metadata":{"breaking_news":"","important":"","csempe":"","center_tile":"","disable_thumbnail":"","target_lang":"","_featured_image_style":"","telegram_post":"","_xlat_group_id":""},"public_rank_math_data":{"title":"%title% %sep% %sitename%","description":"","focus_keyword":"","canonical_url":"","robots":"","primary_category":"1081","breadcrumb_title":"","facebook_title":"","facebook_description":"","facebook_image":"","facebook_image_id":"","twitter_title":"","twitter_description":"","twitter_image":"","twitter_image_id":"","twitter_card_type":"","twitter_use_facebook":"","advanced_robots":"","pillar_content":"","seo_score":"","contentai_score":"","rich_snippet":""},"_links":{"self":[{"href":"https:\/\/dailynewshungary.com\/de\/wp-json\/wp\/v2\/posts\/768669","targetHints":{"allow":["GET"]}}],"collection":[{"href":"https:\/\/dailynewshungary.com\/de\/wp-json\/wp\/v2\/posts"}],"about":[{"href":"https:\/\/dailynewshungary.com\/de\/wp-json\/wp\/v2\/types\/post"}],"author":[{"embeddable":true,"href":"https:\/\/dailynewshungary.com\/de\/wp-json\/wp\/v2\/users\/3"}],"replies":[{"embeddable":true,"href":"https:\/\/dailynewshungary.com\/de\/wp-json\/wp\/v2\/comments?post=768669"}],"version-history":[{"count":0,"href":"https:\/\/dailynewshungary.com\/de\/wp-json\/wp\/v2\/posts\/768669\/revisions"}],"wp:featuredmedia":[{"embeddable":true,"href":"https:\/\/dailynewshungary.com\/de\/wp-json\/wp\/v2\/media\/768670"}],"wp:attachment":[{"href":"https:\/\/dailynewshungary.com\/de\/wp-json\/wp\/v2\/media?parent=768669"}],"wp:term":[{"taxonomy":"category","embeddable":true,"href":"https:\/\/dailynewshungary.com\/de\/wp-json\/wp\/v2\/categories?post=768669"},{"taxonomy":"post_tag","embeddable":true,"href":"https:\/\/dailynewshungary.com\/de\/wp-json\/wp\/v2\/tags?post=768669"}],"curies":[{"name":"wp","href":"https:\/\/api.w.org\/{rel}","templated":true}]}}