{"id":768671,"date":"2015-04-05T16:00:13","date_gmt":"2015-04-05T14:00:13","guid":{"rendered":"https:\/\/dailynewshungary.com\/de\/kissenschlacht-auf-dem-heldenplatz\/"},"modified":"2015-04-05T16:00:13","modified_gmt":"2015-04-05T14:00:13","slug":"kissenschlacht-auf-dem-heldenplatz","status":"publish","type":"post","link":"https:\/\/dailynewshungary.com\/de\/kissenschlacht-auf-dem-heldenplatz\/","title":{"rendered":"Kissenschlacht auf dem Heldenplatz"},"content":{"rendered":"<p><strong>Laut origo.hu versammelten sich hunderte Menschen auf dem Heldenplatz, um den Internationalen Kissenkampftag zu feiern und den Platz mit Federn zu bedecken, die Organisatoren stellten im Vorfeld die \u00fcblichen Regeln vor: Man darf nur Leute schlagen, die auch Kissen haben, und man kann nur weiche Kissen verwenden, neben mehreren anderen St\u00e4dten der Welt konnten sich Kissenk\u00e4mpfer in Budapest, Miskolc, Debrecen, Szombathely, Szekesfehervar und Vac in Ungarn schlagen.<\/strong><\/p>\n<p><a href=\"https:\/\/dailynewshungary.com\/wp-content\/uploads\/2015\/04\/p\u00e1rnacsata.jpg\" data-pswp-width=\"\" data-pswp-height=\"\" data-cropped=\"true\"><img loading=\"lazy\" decoding=\"async\" class=\" size-medium wp-image-15982 aligncenter\" src=\"https:\/\/dailynewshungary.com\/wp-content\/uploads\/2015\/04\/p\u00e1rnacsata-300x200.jpg\" alt=\"p\u00e1rnacsata\" width=\"300\" height=\"200\" srcset=\"https:\/\/contentf5.dailynewshungary.com\/wp-content\/uploads\/2015\/04\/p\u00e1rnacsata-300x200.jpg 300w, https:\/\/contentf5.dailynewshungary.com\/wp-content\/uploads\/2015\/04\/p\u00e1rnacsata.jpg 600w\" sizes=\"auto, (max-width: 300px) 100vw, 300px\"><\/a><\/p>\n<p>Der Kampf um das Megaphonwort begann Die Teilnehmer k\u00fcmmerten sich umeinander, w\u00e4hrend sie sich am\u00fcsierten Innerhalb kurzer Zeit bedeckten Federn den PlatzDie Kernbotschaft des Internationalen Kissenkampftages: Mach Kissenkampf, nicht Krieg!<\/p>\n<p><em>Basierend auf dem Artikel von origo.hu<br \/>\n<\/em><em>\u00dcbersetzt von B.A<\/em><\/p>\n<p><em>Fotos: MTI<\/em><\/p>\n","protected":false},"excerpt":{"rendered":"<p>Laut origo.hu versammelten sich hunderte Menschen auf dem Heldenplatz, um den Internationalen Kissenkampftag zu feiern und den Platz mit Federn zu bedecken, die Organisatoren stellten im Vorfeld die \u00fcblichen Regeln vor: Man darf nur Leute schlagen, die auch Kissen haben, und man kann nur weiche Kissen verwenden, neben mehreren anderen St\u00e4dten der Welt konnten sich [&hellip;]<\/p>\n","protected":false},"author":3,"featured_media":768672,"comment_status":"open","ping_status":"open","sticky":false,"template":"","format":"standard","meta":{"_acf_changed":false,"_display_image":"","footnotes":""},"categories":[1151],"tags":[1111],"class_list":["post-768671","post","type-post","status-publish","format-standard","has-post-thumbnail","hentry","category-kulturen","tag-budapest"],"blocksy_meta":[],"acf":[],"author_username":"becsi","telegram_post":"","public_post_metadata":{"breaking_news":"","important":"","csempe":"","center_tile":"","disable_thumbnail":"","target_lang":"","_featured_image_style":"","telegram_post":"","_xlat_group_id":""},"public_rank_math_data":{"title":"%title% %sep% %sitename%","description":"","focus_keyword":"","canonical_url":"","robots":"","primary_category":"1151","breadcrumb_title":"","facebook_title":"","facebook_description":"","facebook_image":"","facebook_image_id":"","twitter_title":"","twitter_description":"","twitter_image":"","twitter_image_id":"","twitter_card_type":"","twitter_use_facebook":"","advanced_robots":"","pillar_content":"","seo_score":"","contentai_score":"","rich_snippet":""},"_links":{"self":[{"href":"https:\/\/dailynewshungary.com\/de\/wp-json\/wp\/v2\/posts\/768671","targetHints":{"allow":["GET"]}}],"collection":[{"href":"https:\/\/dailynewshungary.com\/de\/wp-json\/wp\/v2\/posts"}],"about":[{"href":"https:\/\/dailynewshungary.com\/de\/wp-json\/wp\/v2\/types\/post"}],"author":[{"embeddable":true,"href":"https:\/\/dailynewshungary.com\/de\/wp-json\/wp\/v2\/users\/3"}],"replies":[{"embeddable":true,"href":"https:\/\/dailynewshungary.com\/de\/wp-json\/wp\/v2\/comments?post=768671"}],"version-history":[{"count":0,"href":"https:\/\/dailynewshungary.com\/de\/wp-json\/wp\/v2\/posts\/768671\/revisions"}],"wp:featuredmedia":[{"embeddable":true,"href":"https:\/\/dailynewshungary.com\/de\/wp-json\/wp\/v2\/media\/768672"}],"wp:attachment":[{"href":"https:\/\/dailynewshungary.com\/de\/wp-json\/wp\/v2\/media?parent=768671"}],"wp:term":[{"taxonomy":"category","embeddable":true,"href":"https:\/\/dailynewshungary.com\/de\/wp-json\/wp\/v2\/categories?post=768671"},{"taxonomy":"post_tag","embeddable":true,"href":"https:\/\/dailynewshungary.com\/de\/wp-json\/wp\/v2\/tags?post=768671"}],"curies":[{"name":"wp","href":"https:\/\/api.w.org\/{rel}","templated":true}]}}