{"id":768689,"date":"2015-04-04T12:02:33","date_gmt":"2015-04-04T10:02:33","guid":{"rendered":"https:\/\/dailynewshungary.com\/de\/nobelpreistrager-autor-kertesz-erhalt-franzosischen-staatspreis\/"},"modified":"2015-04-04T12:02:33","modified_gmt":"2015-04-04T10:02:33","slug":"nobelpreistrager-autor-kertesz-erhalt-franzosischen-staatspreis","status":"publish","type":"post","link":"https:\/\/dailynewshungary.com\/de\/nobelpreistrager-autor-kertesz-erhalt-franzosischen-staatspreis\/","title":{"rendered":"Nobelpreistr\u00e4ger Autor Kertesz erh\u00e4lt franz\u00f6sischen Staatspreis"},"content":{"rendered":"<p style=\"text-align: center;\"><strong>&nbsp;&nbsp;&nbsp;&nbsp;&nbsp;&nbsp;&nbsp;&nbsp;&nbsp;&nbsp;&nbsp; (MTI) \u2013 Der Nobelpreistr\u00e4ger, Autor Imre Kertesz, wurde mit dem Orden der K\u00fcnste und Literatur der Republik Frankreich in der Rangstufe eines Kommandeurs ausgezeichnet, teilte die franz\u00f6sische Botschaft dem MTI mit.<\/strong><\/p>\n<p>Roland Galharague, der franz\u00f6sische Botschafter, zeichnete am Donnerstagabend in seiner Residenz den in Ungarn geborenen Kertesz mit dem Preis aus.<\/p>\n<p>Frankreich m\u00f6chte den bedeutenden Beitrag von Kertesz zu Kultur und Literatur und den \u201cuniversellen Dimensionen des Lebenswerks des ungarischen Schriftstellers\u201d w\u00fcrdigen, so die Botschaft.<\/p>\n<p>Kertesz feierte im vergangenen November seinen 85. Geburtstag, sein bekanntestes Werk ist die M\u00fcdigkeit (Sorstalansag) aus dem Jahr 1975 \u00fcber die Erlebnisse eines 15-j\u00e4hrigen Jungen des Holocaust, Kertesz, selbst Holocaust-\u00dcberlebender, lebt mit seiner Frau in Berlin.<\/p>\n<p><em>Foto: www.nobelprize.org<\/em><\/p>\n","protected":false},"excerpt":{"rendered":"<p>&nbsp;&nbsp;&nbsp;&nbsp;&nbsp;&nbsp;&nbsp;&nbsp;&nbsp;&nbsp;&nbsp; (MTI) \u2013 Der Nobelpreistr\u00e4ger, Autor Imre Kertesz, wurde mit dem Orden der K\u00fcnste und Literatur der Republik Frankreich in der Rangstufe eines Kommandeurs ausgezeichnet, teilte die franz\u00f6sische Botschaft dem MTI mit. Roland Galharague, der franz\u00f6sische Botschafter, zeichnete am Donnerstagabend in seiner Residenz den in Ungarn geborenen Kertesz mit dem Preis aus. Frankreich m\u00f6chte den [&hellip;]<\/p>\n","protected":false},"author":3,"featured_media":768690,"comment_status":"open","ping_status":"open","sticky":false,"template":"","format":"standard","meta":{"_acf_changed":false,"_display_image":"","footnotes":""},"categories":[1151],"tags":[1536],"class_list":["post-768689","post","type-post","status-publish","format-standard","has-post-thumbnail","hentry","category-kulturen","tag-auszeichnung"],"blocksy_meta":[],"acf":[],"author_username":"becsi","telegram_post":"","public_post_metadata":{"breaking_news":"","important":"","csempe":"","center_tile":"","disable_thumbnail":"","target_lang":"","_featured_image_style":"","telegram_post":"","_xlat_group_id":""},"public_rank_math_data":{"title":"%title% %sep% %sitename%","description":"","focus_keyword":"","canonical_url":"","robots":"","primary_category":"1151","breadcrumb_title":"","facebook_title":"","facebook_description":"","facebook_image":"","facebook_image_id":"","twitter_title":"","twitter_description":"","twitter_image":"","twitter_image_id":"","twitter_card_type":"","twitter_use_facebook":"","advanced_robots":"","pillar_content":"","seo_score":"","contentai_score":"","rich_snippet":""},"_links":{"self":[{"href":"https:\/\/dailynewshungary.com\/de\/wp-json\/wp\/v2\/posts\/768689","targetHints":{"allow":["GET"]}}],"collection":[{"href":"https:\/\/dailynewshungary.com\/de\/wp-json\/wp\/v2\/posts"}],"about":[{"href":"https:\/\/dailynewshungary.com\/de\/wp-json\/wp\/v2\/types\/post"}],"author":[{"embeddable":true,"href":"https:\/\/dailynewshungary.com\/de\/wp-json\/wp\/v2\/users\/3"}],"replies":[{"embeddable":true,"href":"https:\/\/dailynewshungary.com\/de\/wp-json\/wp\/v2\/comments?post=768689"}],"version-history":[{"count":0,"href":"https:\/\/dailynewshungary.com\/de\/wp-json\/wp\/v2\/posts\/768689\/revisions"}],"wp:featuredmedia":[{"embeddable":true,"href":"https:\/\/dailynewshungary.com\/de\/wp-json\/wp\/v2\/media\/768690"}],"wp:attachment":[{"href":"https:\/\/dailynewshungary.com\/de\/wp-json\/wp\/v2\/media?parent=768689"}],"wp:term":[{"taxonomy":"category","embeddable":true,"href":"https:\/\/dailynewshungary.com\/de\/wp-json\/wp\/v2\/categories?post=768689"},{"taxonomy":"post_tag","embeddable":true,"href":"https:\/\/dailynewshungary.com\/de\/wp-json\/wp\/v2\/tags?post=768689"}],"curies":[{"name":"wp","href":"https:\/\/api.w.org\/{rel}","templated":true}]}}