{"id":768734,"date":"2015-04-01T18:00:38","date_gmt":"2015-04-01T16:00:38","guid":{"rendered":"https:\/\/dailynewshungary.com\/de\/orban-hebt-die-zusammenarbeit-der-olindustrie-in-kasachstan-hervor\/"},"modified":"2015-04-01T18:00:38","modified_gmt":"2015-04-01T16:00:38","slug":"orban-hebt-die-zusammenarbeit-der-olindustrie-in-kasachstan-hervor","status":"publish","type":"post","link":"https:\/\/dailynewshungary.com\/de\/orban-hebt-die-zusammenarbeit-der-olindustrie-in-kasachstan-hervor\/","title":{"rendered":"Orban hebt die Zusammenarbeit der \u00d6lindustrie in Kasachstan hervor"},"content":{"rendered":"<p><strong>Astana, 1. April (MTI) \u2013 Die ungarische \u00d6lindustrie in Kasachstan ist ein Flaggschiff f\u00fcr die Entwicklung der ungarisch-kasachischen Beziehungen, sagte Premierminister Viktor Orban nach Gespr\u00e4chen mit seinem Amtskollegen Karim Massimov am Mittwoch.<\/strong><\/p>\n<p>Orban, der sich auf einem dreit\u00e4gigen Besuch in Astana befindet, sagte auf einer gemeinsamen Pressekonferenz mit Massimov, dass man beschlossen habe, ein Luftverkehrsabkommen zu unterzeichnen, um Direktfl\u00fcge zwischen den beiden L\u00e4ndern aufzunehmen. Er betonte auch die Bedeutung der Zusammenarbeit in den Bereichen Kernenergie und Ingenieurdienstleistungen.<\/p>\n<p>Er sagte, Ungarn werde 200 Stipendien an kasachische Studenten vergeben.<\/p>\n<p><a href=\"https:\/\/dailynewshungary.com\/wp-content\/uploads\/2015\/04\/kazahstan-hungary-2.jpeg\" data-pswp-width=\"\" data-pswp-height=\"\" data-cropped=\"true\"><img loading=\"lazy\" decoding=\"async\" class=\" size-full wp-image-15862 aligncenter\" src=\"https:\/\/dailynewshungary.com\/wp-content\/uploads\/2015\/04\/kazahstan-hungary-2.jpeg\" alt=\"kazahstan-ungarn-2\" width=\"600\" height=\"387\" srcset=\"https:\/\/contentf5.dailynewshungary.com\/wp-content\/uploads\/2015\/04\/kazahstan-hungary-2.jpeg 600w, https:\/\/contentf5.dailynewshungary.com\/wp-content\/uploads\/2015\/04\/kazahstan-hungary-2-300x194.jpeg 300w\" sizes=\"auto, (max-width: 600px) 100vw, 600px\"><\/a><\/p>\n<p>Massimow stellte fest, dass Ungarn als EU-Mitglied und Kasachstan als wichtiges Land im asiatischen Raum die strategische Zusammenarbeit versch\u00e4rfen w\u00fcrden. Er sagte, die Gespr\u00e4che mit Orban gingen weit \u00fcber das \u00fcbliche Niveau des politischen Dialogs hinaus, und dies habe auch f\u00fcr ein Treffen mit Pr\u00e4sident Nursultan Nasarbajew fr\u00fcher am Tag gegolten.<\/p>\n<p>Orban sagte, die Regierung habe beschlossen, dass Ungarn der Asiatischen Entwicklungsbank beitreten werde. Der Premierminister nahm eine Einladung zu einem Wirtschaftsforum im Mai sowie zur Expo 2017 in Kasachstan an.<\/p>\n<p><a href=\"https:\/\/dailynewshungary.com\/wp-content\/uploads\/2015\/04\/kazahstan-hungary-3.jpeg\" data-pswp-width=\"\" data-pswp-height=\"\" data-cropped=\"true\"><img loading=\"lazy\" decoding=\"async\" class=\" size-medium wp-image-15861 alignright\" src=\"https:\/\/dailynewshungary.com\/wp-content\/uploads\/2015\/04\/kazahstan-hungary-3-300x192.jpeg\" alt=\"kazahstan-ungary-3\" width=\"300\" height=\"192\" srcset=\"https:\/\/contentf5.dailynewshungary.com\/wp-content\/uploads\/2015\/04\/kazahstan-hungary-3-300x192.jpeg 300w, https:\/\/contentf5.dailynewshungary.com\/wp-content\/uploads\/2015\/04\/kazahstan-hungary-3.jpeg 600w\" sizes=\"auto, (max-width: 300px) 100vw, 300px\"><\/a>Orban sagte, dass in der heutigen Welt alle dar\u00fcber nachdachten, wie man in einer sich schnell ver\u00e4ndernden Welt erfolgreich sein k\u00f6nneF\u00fcr Ungarn, das aus historischen Gr\u00fcnden einen gro\u00dfen Teil seiner Rohstoffressourcen und Energiequellen verlor, sei es nicht einfach, eine Antwort auf diese Frage zu finden, sagte er und f\u00fcgte hinzu, dass es wichtig sei, gute Beziehungen zu sich schnell entwickelnden Teilen der Welt aufzubauen, und deshalb sei eine gute Beziehung zu Kasachstan unerl\u00e4sslich.<\/p>\n<p>Er sagte, dass sich bei einem fr\u00fcheren Besuch seines kasachischen Amtskollegen in Budapest ein freundschaftliches Verh\u00e4ltnis zwischen den beiden L\u00e4ndern entwickelt habe und die ungarische Delegation gemeinsam mit sechs Regierungsmitgliedern gerne einen Fu\u00df nach Kasachstan gesetzt habe.<\/p>\n<p>Im Laufe des Tages unterzeichnete Orban ein Memorandum of Understanding zur Einrichtung eines ungarisch-kasachischen strategischen Rates; Au\u00dfenminister Peter Szijjarto unterzeichnete eine vorl\u00e4ufige Vereinbarung \u00fcber die Einrichtung eines gemeinsamen Fonds durch KazAgro Holding und Eximbank; Justizminister Laszlo Trocsanyi unterzeichnete ein strafrechtliches Rechtshilfeabkommen; und Wirtschaftsminister Mihaly Varga unterzeichnete ein Kooperationsabkommen mit seinem kasachischen Amtskollegen zur bilateralen Berufsausbildung.<\/p>\n<p><em>Foto: MTI<\/em><\/p>\n","protected":false},"excerpt":{"rendered":"<p>Astana, 1. April (MTI) \u2013 Die ungarische \u00d6lindustrie in Kasachstan ist ein Flaggschiff f\u00fcr die Entwicklung der ungarisch-kasachischen Beziehungen, sagte Premierminister Viktor Orban nach Gespr\u00e4chen mit seinem Amtskollegen Karim Massimov am Mittwoch. Orban, der sich auf einem dreit\u00e4gigen Besuch in Astana befindet, sagte auf einer gemeinsamen Pressekonferenz mit Massimov, dass man beschlossen habe, ein Luftverkehrsabkommen [&hellip;]<\/p>\n","protected":false},"author":2,"featured_media":768735,"comment_status":"open","ping_status":"open","sticky":false,"template":"","format":"standard","meta":{"_acf_changed":false,"_display_image":"","footnotes":""},"categories":[1081],"tags":[2344,1128],"class_list":["post-768734","post","type-post","status-publish","format-standard","has-post-thumbnail","hentry","category-politik","tag-besuchen-sie","tag-viktor-orban"],"blocksy_meta":[],"acf":[],"author_username":"alk","telegram_post":"","public_post_metadata":{"breaking_news":"","important":"","csempe":"","center_tile":"","disable_thumbnail":"","target_lang":"","_featured_image_style":"","telegram_post":"","_xlat_group_id":""},"public_rank_math_data":{"title":"%title% %sep% %sitename%","description":"","focus_keyword":"","canonical_url":"","robots":"","primary_category":"1081","breadcrumb_title":"","facebook_title":"","facebook_description":"","facebook_image":"","facebook_image_id":"","twitter_title":"","twitter_description":"","twitter_image":"","twitter_image_id":"","twitter_card_type":"","twitter_use_facebook":"","advanced_robots":"","pillar_content":"","seo_score":"","contentai_score":"","rich_snippet":""},"_links":{"self":[{"href":"https:\/\/dailynewshungary.com\/de\/wp-json\/wp\/v2\/posts\/768734","targetHints":{"allow":["GET"]}}],"collection":[{"href":"https:\/\/dailynewshungary.com\/de\/wp-json\/wp\/v2\/posts"}],"about":[{"href":"https:\/\/dailynewshungary.com\/de\/wp-json\/wp\/v2\/types\/post"}],"author":[{"embeddable":true,"href":"https:\/\/dailynewshungary.com\/de\/wp-json\/wp\/v2\/users\/2"}],"replies":[{"embeddable":true,"href":"https:\/\/dailynewshungary.com\/de\/wp-json\/wp\/v2\/comments?post=768734"}],"version-history":[{"count":0,"href":"https:\/\/dailynewshungary.com\/de\/wp-json\/wp\/v2\/posts\/768734\/revisions"}],"wp:featuredmedia":[{"embeddable":true,"href":"https:\/\/dailynewshungary.com\/de\/wp-json\/wp\/v2\/media\/768735"}],"wp:attachment":[{"href":"https:\/\/dailynewshungary.com\/de\/wp-json\/wp\/v2\/media?parent=768734"}],"wp:term":[{"taxonomy":"category","embeddable":true,"href":"https:\/\/dailynewshungary.com\/de\/wp-json\/wp\/v2\/categories?post=768734"},{"taxonomy":"post_tag","embeddable":true,"href":"https:\/\/dailynewshungary.com\/de\/wp-json\/wp\/v2\/tags?post=768734"}],"curies":[{"name":"wp","href":"https:\/\/api.w.org\/{rel}","templated":true}]}}