{"id":768740,"date":"2015-04-01T11:41:36","date_gmt":"2015-04-01T09:41:36","guid":{"rendered":"https:\/\/dailynewshungary.com\/de\/gyor-eto-eto-park-und-stadion-wurden-beschlagnahmt\/"},"modified":"2015-04-01T11:41:36","modified_gmt":"2015-04-01T09:41:36","slug":"gyor-eto-eto-park-und-stadion-wurden-beschlagnahmt","status":"publish","type":"post","link":"https:\/\/dailynewshungary.com\/de\/gyor-eto-eto-park-und-stadion-wurden-beschlagnahmt\/","title":{"rendered":"Gyor ETO: ETO-Park und Stadion wurden beschlagnahmt"},"content":{"rendered":"<p><strong>W\u00e4hrend des Verm\u00f6gensabsch\u00f6pfungsverfahrens beschlagnahmte die Ermittlungsbeh\u00f6rde den ETO-Park von Gyor und auch das Stadion \u2013 sagte der Generalstaatsanwalt der Hauptstadt am Montagabend gegen\u00fcber M1 TVNach Anschuldigungen hat die Verm\u00f6gensabsch\u00f6pfung begonnen, Autos, Aktien, Bargeld und Immobilien wurden beschlagnahmt, sagte nemzetipsort.hu.<\/strong><\/p>\n<p><a href=\"https:\/\/dailynewshungary.com\/wp-content\/uploads\/2015\/04\/Download.jpg\" data-pswp-width=\"\" data-pswp-height=\"\" data-cropped=\"true\"><img loading=\"lazy\" decoding=\"async\" class=\" size-medium wp-image-15827 alignright\" src=\"https:\/\/dailynewshungary.com\/wp-content\/uploads\/2015\/04\/Download-300x205.jpg\" alt=\"Gy er eto\" width=\"300\" height=\"205\" srcset=\"https:\/\/contentf5.dailynewshungary.com\/wp-content\/uploads\/2015\/04\/Download-300x205.jpg 300w, https:\/\/contentf5.dailynewshungary.com\/wp-content\/uploads\/2015\/04\/Download-116x80.jpg 116w, https:\/\/contentf5.dailynewshungary.com\/wp-content\/uploads\/2015\/04\/Download.jpg 600w\" sizes=\"auto, (max-width: 300px) 100vw, 300px\"><\/a>Tibor Ibolya erinnerte sich: Die Ermittlungen wurden am 11. M\u00e4rz angeordnet, am selben Tag fanden vier Hausdurchsuchungen statt, etwa zehntausend Seiten gedruckter Text und etwa 800 Gigabyte elektronischer Daten wurden beschlagnahmt. Es dauerte einige Zeit, diese \u201egro\u00dfe Menge\u201cDaten zu \u00fcberpr\u00fcfen \u201eAuch der Generalstaatsanwalt sagte.<\/p>\n<p>Auf die Frage, ob diese Zeitspanne, zwei Wochen ausreichen k\u00f6nnten, um das Verm\u00f6gen \u00fcber Offshore-Gesellschaften zu evakuieren, antwortete er: Csaba Tarsoly sei \u201cnicht objektiv in einer Situation\u201d, um sein Verm\u00f6gen evakuieren zu k\u00f6nnenDer Generalstaatsanwalt das Verm\u00f6gensabsch\u00f6pfungsverfahren ist im Gange, im Rahmen dessen hat die Ermittlungsbeh\u00f6rde auch den ETO-Park von Gyor und das Stadion als \u00dcbergangsma\u00dfnahme beschlagnahmtNach Vorw\u00fcrfen hat die Verm\u00f6gensabsch\u00f6pfung begonnen: Autos, Aktien, Bargeld, Grundst\u00fccke wurden beschlagnahmtf\u00fcgte er hinzu.<\/p>\n<p>Der Generalstaatsanwalt hat die Einzelheiten der Anschuldigungen im Fall von Csaba Tarsoly und seinen beiden Begleitern nicht mitgeteilt, sondern lediglich gesagt \u201cdie Einstufung der Tat ist Betrug\u201d Wie er sagte, handelt es sich um ein Verbrechen, das schwer zu beweisen ist und sie mussten irgendwelche Ermittlungshandlungen durchgef\u00fchrt haben, die den Verdacht berechtigt machen, sagte nemzetisport.hu.<\/p>\n<p><a href=\"https:\/\/dailynewshungary.com\/wp-content\/uploads\/2015\/04\/eto-park.jpeg\" data-pswp-width=\"\" data-pswp-height=\"\" data-cropped=\"true\"><img loading=\"lazy\" decoding=\"async\" class=\" size-medium wp-image-15842 alignleft\" src=\"https:\/\/dailynewshungary.com\/wp-content\/uploads\/2015\/04\/eto-park-300x207.jpeg\" alt=\"eto-park\" width=\"300\" height=\"207\" srcset=\"https:\/\/contentf5.dailynewshungary.com\/wp-content\/uploads\/2015\/04\/eto-park-300x207.jpeg 300w, https:\/\/contentf5.dailynewshungary.com\/wp-content\/uploads\/2015\/04\/eto-park-116x80.jpeg 116w, https:\/\/contentf5.dailynewshungary.com\/wp-content\/uploads\/2015\/04\/eto-park.jpeg 600w\" sizes=\"auto, (max-width: 300px) 100vw, 300px\"><\/a>In dem Bericht der Ungarischen Nationalbank ging es nur um \u2013 er fuhr fort \u2013 dass es Verbrechen am Qu\u00e4stor gab, doch war nicht klar, welche Verbrechen Da der Schaden eingetreten war, versuchten sie, den Betrugsverdacht auf die Ebene eines begr\u00fcndeten Verdachts zu bringen.<\/p>\n<p>Tibor Ibolya sagte: Er wolle nicht in einem Land leben, in dem jemand einen Tag nach der Anzeige verhaftet werden k\u00f6nne Als das Unternehmen auf den Namen des zuvor verurteilten Bela Orgovany geschrieben wurde, wurde es zu einem begr\u00fcndeten Verdacht, sagte der GeneralstaatsanwaltEs war gut f\u00fcr die Staatsanwaltschaftf\u00fcgte er hinzu.<\/p>\n<p>Antwort auf eine Frage sagte er die Ermittler haben weder im Fall Buda Cash schneller gehandelt, die Verd\u00e4chtigen wurden einen oder zwei Tage fr\u00fcher bekommen, vielleicht \u2013 sagte \u2013 Das wurde in beiden F\u00e4llen in zwei Wochen gemacht, die er auch im internationalen Vergleich schnell anrief.<\/p>\n<p><em>basierend auf dem Artikel von nemzetisport.hu<br \/>\n\u00dcbersetzt von B.A<\/em><\/p>\n<p><em>Foto: MTI<\/em><\/p>\n","protected":false},"excerpt":{"rendered":"<p>W\u00e4hrend des Verm\u00f6gensabsch\u00f6pfungsverfahrens beschlagnahmte die Ermittlungsbeh\u00f6rde den ETO-Park von Gyor und auch das Stadion \u2013 sagte der Generalstaatsanwalt der Hauptstadt am Montagabend gegen\u00fcber M1 TVNach Anschuldigungen hat die Verm\u00f6gensabsch\u00f6pfung begonnen, Autos, Aktien, Bargeld und Immobilien wurden beschlagnahmt, sagte nemzetipsort.hu. Tibor Ibolya erinnerte sich: Die Ermittlungen wurden am 11. M\u00e4rz angeordnet, am selben Tag fanden vier [&hellip;]<\/p>\n","protected":false},"author":3,"featured_media":768741,"comment_status":"open","ping_status":"open","sticky":false,"template":"","format":"standard","meta":{"_acf_changed":false,"_display_image":"","footnotes":""},"categories":[1219],"tags":[1066],"class_list":["post-768740","post","type-post","status-publish","format-standard","has-post-thumbnail","hentry","category-sport","tag-hungary"],"blocksy_meta":[],"acf":[],"author_username":"becsi","telegram_post":"","public_post_metadata":{"breaking_news":"","important":"","csempe":"","center_tile":"","disable_thumbnail":"","target_lang":"","_featured_image_style":"","telegram_post":"","_xlat_group_id":""},"public_rank_math_data":{"title":"%title% %sep% %sitename%","description":"","focus_keyword":"","canonical_url":"","robots":"","primary_category":"1219","breadcrumb_title":"","facebook_title":"","facebook_description":"","facebook_image":"","facebook_image_id":"","twitter_title":"","twitter_description":"","twitter_image":"","twitter_image_id":"","twitter_card_type":"","twitter_use_facebook":"","advanced_robots":"","pillar_content":"","seo_score":"","contentai_score":"","rich_snippet":""},"_links":{"self":[{"href":"https:\/\/dailynewshungary.com\/de\/wp-json\/wp\/v2\/posts\/768740","targetHints":{"allow":["GET"]}}],"collection":[{"href":"https:\/\/dailynewshungary.com\/de\/wp-json\/wp\/v2\/posts"}],"about":[{"href":"https:\/\/dailynewshungary.com\/de\/wp-json\/wp\/v2\/types\/post"}],"author":[{"embeddable":true,"href":"https:\/\/dailynewshungary.com\/de\/wp-json\/wp\/v2\/users\/3"}],"replies":[{"embeddable":true,"href":"https:\/\/dailynewshungary.com\/de\/wp-json\/wp\/v2\/comments?post=768740"}],"version-history":[{"count":0,"href":"https:\/\/dailynewshungary.com\/de\/wp-json\/wp\/v2\/posts\/768740\/revisions"}],"wp:featuredmedia":[{"embeddable":true,"href":"https:\/\/dailynewshungary.com\/de\/wp-json\/wp\/v2\/media\/768741"}],"wp:attachment":[{"href":"https:\/\/dailynewshungary.com\/de\/wp-json\/wp\/v2\/media?parent=768740"}],"wp:term":[{"taxonomy":"category","embeddable":true,"href":"https:\/\/dailynewshungary.com\/de\/wp-json\/wp\/v2\/categories?post=768740"},{"taxonomy":"post_tag","embeddable":true,"href":"https:\/\/dailynewshungary.com\/de\/wp-json\/wp\/v2\/tags?post=768740"}],"curies":[{"name":"wp","href":"https:\/\/api.w.org\/{rel}","templated":true}]}}