{"id":768811,"date":"2015-03-27T19:51:03","date_gmt":"2015-03-27T18:51:03","guid":{"rendered":"https:\/\/dailynewshungary.com\/de\/ungarn-stellt-am-sonntag-auf-sommerzeit-um-2\/"},"modified":"2015-03-27T19:51:03","modified_gmt":"2015-03-27T18:51:03","slug":"ungarn-stellt-am-sonntag-auf-sommerzeit-um-2","status":"publish","type":"post","link":"https:\/\/dailynewshungary.com\/de\/ungarn-stellt-am-sonntag-auf-sommerzeit-um-2\/","title":{"rendered":"Ungarn stellt am Sonntag auf Sommerzeit um"},"content":{"rendered":"<p><strong>Budapest, 27. M\u00e4rz (MTI) \u2013 Die Sommerzeit beginnt in Ungarn am Sonntag, 29. M\u00e4rz, mit einer Stunde Taktung um 2 Uhr.<\/strong><\/p>\n<p>Die \u00c4nderung des EU-Standards wird sich geringf\u00fcgig auf die Fahrpl\u00e4ne der Eisenbahn und des \u00f6ffentlichen Nahverkehrs in Budapest auswirken.<\/p>\n<p>Ungarn hat das Sommersparsystem bereits 1980 eingef\u00fchrt, gem\u00e4\u00df einem Regierungserlass von 1996 beginnt die Sommerzeit am letzten Sonntag im M\u00e4rz und endet am letzten Sonntag im Oktober Ungarn hat seit der Einf\u00fchrung des Systems rund 4.000 GWh Energie eingespart, was etwa f\u00fcnf Wochen durchschnittlichem Verbrauch entspricht.<\/p>\n<p><em>Foto: Pixabay<\/em><\/p>\n","protected":false},"excerpt":{"rendered":"<p>Budapest, 27. M\u00e4rz (MTI) \u2013 Die Sommerzeit beginnt in Ungarn am Sonntag, 29. M\u00e4rz, mit einer Stunde Taktung um 2 Uhr. Die \u00c4nderung des EU-Standards wird sich geringf\u00fcgig auf die Fahrpl\u00e4ne der Eisenbahn und des \u00f6ffentlichen Nahverkehrs in Budapest auswirken. Ungarn hat das Sommersparsystem bereits 1980 eingef\u00fchrt, gem\u00e4\u00df einem Regierungserlass von 1996 beginnt die Sommerzeit [&hellip;]<\/p>\n","protected":false},"author":2,"featured_media":768812,"comment_status":"open","ping_status":"open","sticky":false,"template":"","format":"standard","meta":{"_acf_changed":false,"_display_image":"","footnotes":""},"categories":[1098],"tags":[1066],"class_list":["post-768811","post","type-post","status-publish","format-standard","has-post-thumbnail","hentry","category-gesellschaft","tag-hungary"],"blocksy_meta":[],"acf":[],"author_username":"alk","telegram_post":"","public_post_metadata":{"breaking_news":"","important":"","csempe":"","center_tile":"","disable_thumbnail":"","target_lang":"","_featured_image_style":"","telegram_post":"","_xlat_group_id":""},"public_rank_math_data":{"title":"%title% %sep% %sitename%","description":"","focus_keyword":"","canonical_url":"","robots":"","primary_category":"1098","breadcrumb_title":"","facebook_title":"","facebook_description":"","facebook_image":"","facebook_image_id":"","twitter_title":"","twitter_description":"","twitter_image":"","twitter_image_id":"","twitter_card_type":"","twitter_use_facebook":"","advanced_robots":"","pillar_content":"","seo_score":"","contentai_score":"","rich_snippet":""},"_links":{"self":[{"href":"https:\/\/dailynewshungary.com\/de\/wp-json\/wp\/v2\/posts\/768811","targetHints":{"allow":["GET"]}}],"collection":[{"href":"https:\/\/dailynewshungary.com\/de\/wp-json\/wp\/v2\/posts"}],"about":[{"href":"https:\/\/dailynewshungary.com\/de\/wp-json\/wp\/v2\/types\/post"}],"author":[{"embeddable":true,"href":"https:\/\/dailynewshungary.com\/de\/wp-json\/wp\/v2\/users\/2"}],"replies":[{"embeddable":true,"href":"https:\/\/dailynewshungary.com\/de\/wp-json\/wp\/v2\/comments?post=768811"}],"version-history":[{"count":0,"href":"https:\/\/dailynewshungary.com\/de\/wp-json\/wp\/v2\/posts\/768811\/revisions"}],"wp:featuredmedia":[{"embeddable":true,"href":"https:\/\/dailynewshungary.com\/de\/wp-json\/wp\/v2\/media\/768812"}],"wp:attachment":[{"href":"https:\/\/dailynewshungary.com\/de\/wp-json\/wp\/v2\/media?parent=768811"}],"wp:term":[{"taxonomy":"category","embeddable":true,"href":"https:\/\/dailynewshungary.com\/de\/wp-json\/wp\/v2\/categories?post=768811"},{"taxonomy":"post_tag","embeddable":true,"href":"https:\/\/dailynewshungary.com\/de\/wp-json\/wp\/v2\/tags?post=768811"}],"curies":[{"name":"wp","href":"https:\/\/api.w.org\/{rel}","templated":true}]}}