{"id":768819,"date":"2015-03-27T09:56:17","date_gmt":"2015-03-27T08:56:17","guid":{"rendered":"https:\/\/dailynewshungary.com\/de\/quastorbesitzer-tarsoly-verhaftet\/"},"modified":"2015-03-27T09:56:17","modified_gmt":"2015-03-27T08:56:17","slug":"quastorbesitzer-tarsoly-verhaftet","status":"publish","type":"post","link":"https:\/\/dailynewshungary.com\/de\/quastorbesitzer-tarsoly-verhaftet\/","title":{"rendered":"Qu\u00e4storbesitzer Tarsoly verhaftet"},"content":{"rendered":"<p><strong>Budapest, 27. M\u00e4rz (MTI) \u2013 Qu\u00e4storbesitzerin Csaba Tarsoly wurde am sp\u00e4ten Donnerstag verhaftet und als Verd\u00e4chtiger im Zusammenhang mit Freud bei der Vermittlung angeh\u00f6rt, sagte Tarsolys Anwalt gegen\u00fcber MTI.<\/strong><\/p>\n<p><span style=\"color: #ff0000;\"><strong>Verwandter Artikel:&nbsp;<\/strong><\/span><br \/>\n<span style=\"color: #ff0000;\"><strong><a style=\"color: #ff0000;\" href=\"https:\/\/dailynewshungary.com\/de\/szijjarto-steht-im-fall-questor-bis-zum-hals\/\" target=\"_blank\">SZIJJARTO STEHT IM FALL QUESTOR BIS ZUM HALS<\/a><br \/>\n<span style=\"color: #ff0000;\"><a style=\"color: #ff0000;\" href=\"https:\/\/dailynewshungary.com\/de\/die-opposition-macht-premierminister-fur-quastor-probleme-verantwortlich\/\" target=\"_blank\">DIE OPPOSITION MACHT DEN PREMIERMINISTER F\u00dcR QU\u00c4STOR-PROBLEME VERANTWORTLICH<\/a><\/span><\/strong><\/span><\/p>\n<p>Tarsoly habe Anzeige gegen die Festnahme erstattet, sagte Gabor Papp am Freitag.<\/p>\n<p>Drei Personen wurden am Donnerstagnachmittag vom National Investigation Bureau (NNI) im Fall Qu\u00e4stor in Untersuchungshaft genommen, mehrere Hausdurchsuchungen durchgef\u00fchrt und Ma\u00dfnahmen zur \u201cBeschlagnahme von Verm\u00f6genswerten\u201d ergriffen.<\/p>\n<p>Pr\u00e4sident-CEO Tarsoly teilte der ungarischen Nationalbank am 9. M\u00e4rz mit, dass Qu\u00e4stor wegen einer \u00fcberm\u00e4\u00dfig hohen Nachfrage nach dem Verkauf der Anleihen des Unternehmens Insolvenz anmelde.<\/p>\n<p>Die Zentralbank befahl einem Kommissar, Qu\u00e4stor zu leiten, dessen T\u00e4tigkeit eingestellt worden war.<\/p>\n<p>Tarsoly sagte zuvor, er habe einen Fehler gemacht, den neuen Kommissar als Leiter des Unternehmens zu akzeptieren, und werde seine Posten an der Spitze des Qu\u00e4stors wieder anwerben.<\/p>\n<p>Die Opposition hatte zuvor vorgeworfen, Qu\u00e4stor sei mit dem regierenden Fidesz verbunden, da Tarsoly auch Eigent\u00fcmer eines ETO-Clubs der Gyor, Vorstandsmitglied des Ungarischen Fu\u00dfballverbandes und \u201eenger Bekannter\u201d von Premierminister Viktor Orban sei.<\/p>\n<p>Das Au\u00dfenministerium hat Vorw\u00fcrfe zur\u00fcckgewiesen, die Regierung habe Tarsoly im Zusammenhang mit Qu\u00e4stors Handelshaus in Moskau zu \u201cLukrativgesch\u00e4ften\u201d verholfen.<\/p>\n<p><em>Foto: MTI<\/em><\/p>\n","protected":false},"excerpt":{"rendered":"<p>Budapest, 27. M\u00e4rz (MTI) \u2013 Qu\u00e4storbesitzerin Csaba Tarsoly wurde am sp\u00e4ten Donnerstag verhaftet und als Verd\u00e4chtiger im Zusammenhang mit Freud bei der Vermittlung angeh\u00f6rt, sagte Tarsolys Anwalt gegen\u00fcber MTI. Verwandter Artikel:&nbsp; SZIJJARTO STEHT IM FALL QUESTOR BIS ZUM HALS DIE OPPOSITION MACHT DEN PREMIERMINISTER F\u00dcR QU\u00c4STOR-PROBLEME VERANTWORTLICH Tarsoly habe Anzeige gegen die Festnahme erstattet, sagte [&hellip;]<\/p>\n","protected":false},"author":2,"featured_media":768820,"comment_status":"open","ping_status":"open","sticky":false,"template":"","format":"standard","meta":{"_acf_changed":false,"_display_image":"","footnotes":""},"categories":[1281],"tags":[1066],"class_list":["post-768819","post","type-post","status-publish","format-standard","has-post-thumbnail","hentry","category-geschaft","tag-hungary"],"blocksy_meta":[],"acf":[],"author_username":"alk","telegram_post":"","public_post_metadata":{"breaking_news":"","important":"","csempe":"","center_tile":"","disable_thumbnail":"","target_lang":"","_featured_image_style":"","telegram_post":"","_xlat_group_id":""},"public_rank_math_data":{"title":"%title% %sep% %sitename%","description":"","focus_keyword":"","canonical_url":"","robots":"","primary_category":"1281","breadcrumb_title":"","facebook_title":"","facebook_description":"","facebook_image":"","facebook_image_id":"","twitter_title":"","twitter_description":"","twitter_image":"","twitter_image_id":"","twitter_card_type":"","twitter_use_facebook":"","advanced_robots":"","pillar_content":"","seo_score":"","contentai_score":"","rich_snippet":""},"_links":{"self":[{"href":"https:\/\/dailynewshungary.com\/de\/wp-json\/wp\/v2\/posts\/768819","targetHints":{"allow":["GET"]}}],"collection":[{"href":"https:\/\/dailynewshungary.com\/de\/wp-json\/wp\/v2\/posts"}],"about":[{"href":"https:\/\/dailynewshungary.com\/de\/wp-json\/wp\/v2\/types\/post"}],"author":[{"embeddable":true,"href":"https:\/\/dailynewshungary.com\/de\/wp-json\/wp\/v2\/users\/2"}],"replies":[{"embeddable":true,"href":"https:\/\/dailynewshungary.com\/de\/wp-json\/wp\/v2\/comments?post=768819"}],"version-history":[{"count":0,"href":"https:\/\/dailynewshungary.com\/de\/wp-json\/wp\/v2\/posts\/768819\/revisions"}],"wp:featuredmedia":[{"embeddable":true,"href":"https:\/\/dailynewshungary.com\/de\/wp-json\/wp\/v2\/media\/768820"}],"wp:attachment":[{"href":"https:\/\/dailynewshungary.com\/de\/wp-json\/wp\/v2\/media?parent=768819"}],"wp:term":[{"taxonomy":"category","embeddable":true,"href":"https:\/\/dailynewshungary.com\/de\/wp-json\/wp\/v2\/categories?post=768819"},{"taxonomy":"post_tag","embeddable":true,"href":"https:\/\/dailynewshungary.com\/de\/wp-json\/wp\/v2\/tags?post=768819"}],"curies":[{"name":"wp","href":"https:\/\/api.w.org\/{rel}","templated":true}]}}