{"id":768825,"date":"2015-03-26T13:55:16","date_gmt":"2015-03-26T12:55:16","guid":{"rendered":"https:\/\/dailynewshungary.com\/de\/die-opposition-macht-premierminister-fur-quastor-probleme-verantwortlich\/"},"modified":"2015-03-26T13:55:16","modified_gmt":"2015-03-26T12:55:16","slug":"die-opposition-macht-premierminister-fur-quastor-probleme-verantwortlich","status":"publish","type":"post","link":"https:\/\/dailynewshungary.com\/de\/die-opposition-macht-premierminister-fur-quastor-probleme-verantwortlich\/","title":{"rendered":"Die Opposition macht Premierminister f\u00fcr Qu\u00e4stor-Probleme verantwortlich"},"content":{"rendered":"<p><strong>Budapest (MTI) \u2013 Oppositionsparteien forderten am Mittwoch Premierminister Viktor Orban zum R\u00fccktritt auf und \u00fcbernahmen einen Teil der Verantwortung f\u00fcr Probleme bei der Maklerfirma Quaestor.<\/strong><\/p>\n<p><span style=\"color: #ff0000;\"><strong>Verwandter Artikel: <\/strong><\/span><br \/>\n<span style=\"color: #ff0000;\"><strong><a style=\"color: #ff0000;\" href=\"https:\/\/dailynewshungary.com\/de\/szijjarto-steht-im-fall-questor-bis-zum-hals\/\" target=\"_blank\">Szijjarto steht im Questor-Fall bis zum Hals<\/a><\/strong><\/span><\/p>\n<p>Orban sagte auf einer Pressekonferenz in Sopron, Nordwestungarn, dass es auf seine Anweisung hin sei, dass Ministerien vor der Insolvenz von Qu\u00e4stor Gelder abgezogen h\u00e4tten. Er sagte, er habe angeordnet, dass das Geld herausgenommen werden sollte, nachdem er von dem Skandal bei der Maklerfirma Buda-Cash erfahren hatte, weil er angedeutet hatte, dass es bei anderen unabh\u00e4ngigen ungarischen Maklern einen Dominoeffekt ausl\u00f6sen k\u00f6nnte.<\/p>\n<p>Der Premierminister reagierte auf Berichte, die es seltsam fanden, dass das Ministerium das Geld vor Qu\u00e4stors Insolvenz abgezogen hatte.<\/p>\n<p>Auch Qu\u00e4stor machte zuvor den Buda-Cash-Skandal f\u00fcr einen Ansturm panischer Anleger verantwortlich, die versuchten, ihre Qu\u00e4stor-Anleihen einzul\u00f6sen.<\/p>\n<p>Das Au\u00dfenministerium wies am Dienstag Vorw\u00fcrfe des Insider-Gesch\u00e4fts im Zusammenhang mit dem Geldabzug zur\u00fcckEs hie\u00df, es habe ein Anlagekonto bei Qu\u00e4stor, das nicht gehandelte (goldene) Aktien enthielt, die f\u00fcr die Kapitalbeschaffung bei der Eximbank verwendet werden sollten, und diese seien legal ausgegeben worden Es f\u00fcgte hinzu, dass das dem Ministerium angeschlossene Ungarische Nationale Handelshaus (MNKH) wie viele andere Unternehmen und Einzelpersonen seine Gelder als Reaktion auf Marktereignisse von Qu\u00e4stor abgezogen habe.<\/p>\n<p><strong>Der Sozialist<\/strong> Opposition forderte Orban zum R\u00fccktritt auf, weil er \u201cdie Ungarn im Stich gelassen\u201d habe, da seine Ausf\u00fchrungen ein \u201cEingest\u00e4ndnis\u201d seien, dass die Ministerien auf sein Kommando hin gehandelt h\u00e4tten, Zoltan Lukacs, der stellvertretende Vorsitzende der Partei, sagte auf einer Pressekonferenz, das Au\u00dfenministerium habe \u00fcber den Fall gelogen und darauf bestanden, dass der R\u00fcckzug \u201cnoch vor wenigen Stunden\u201d auf Anraten von Ministeriumsanalysten erfolgt sei Angesichts dessen solle auch Au\u00dfenminister Peter Szijjarto zur\u00fccktreten, sagte erEr f\u00fcgte hinzu, dass die Sozialisten ihre fr\u00fchere Forderung an das Ministerium oder Orban wiederholten, Zugang zu bei Insolvenzen bei den Maklern erstellten Ministeriumsbewertungen zu gew\u00e4hren.<\/p>\n<p>Opposition <strong>LMP<\/strong> Der Verdacht auf Insidergesch\u00e4fte sei in diesem Fall berechtigt, da Ministerien durch ihre Verbindungen an solche Informationen gelangen k\u00f6nnten. Laszlo Heltai, der Wirtschaftssprecher der Partei, sagte, er werde die Ermittler dringend auffordern, solche Verbindungen zu untersuchen, beispielsweise zwischen Szijjarto und Qu\u00e4stor-Chef Csaba Tarsoly. Er stimmte zu, dass es eine Diskrepanz zwischen der Aussage des Ministeriums gebe, dass die Entscheidung, Gelder von Quaestor abzuheben, als Reaktion auf Marktereignisse getroffen worden sei, w\u00e4hrend Orban behauptete, es sei auf seine Anweisung hin \u201eDas Au\u00dfenministerium hatte 20 Milliarden Forint abgezogen, und dies h\u00e4tte eine Rolle beim Zusammenbruch der Maklerschaft spielen k\u00f6nnen\u201cund Heltai sagte, was \u201edie Finanzen\u201d getan habe.<\/p>\n<p><strong>Liberal<\/strong> F\u00fchrer Gabor Fodor sagte, er werde sich in einer schriftlichen Frage an Orban wenden, ob er bei der Abhebung des Geldes eine Rolle gespielt habe und ob das Ministerium es \u00fcberhaupt bei Qu\u00e4stor hinterlegt habe.<\/p>\n<p>Die linke Opposition <strong>Demokratische Koalition (DK)<\/strong> Sagte Orban solle sich der Verantwortung \u00fcber die Qu\u00e4stor-Aff\u00e4re nicht entziehen und er m\u00fcsse zur Rechenschaft gezogen werden, auch gegen sein pers\u00f6nliches Verm\u00f6gen, sagte Zsolt Greczy, der Sprecher der Partei, w\u00e4hrend die Investitionen \u201ceinfacher Leute\u201d in die Irre gegangen seien, habe die Regierung ihre Milliarden \u201causgeschlichen\u201d.<\/p>\n<p>Der radikale Nationalist <strong>Jobbik<\/strong> Die Partei sagte, sie werde wegen des Verdachts des Insiderhandels eine Beschwerde einreichen und forderte eine Liste von Einzelpersonen und Unternehmen, die Quaestor vor dessen Zusammenbruch Geld abgehoben hatten. Janos Volner, der stellvertretende Vorsitzende der Fraktion der Partei, sagte, er werde eine Sitzung des Wirtschaftsentwicklungsausschusses des Parlaments einberufen und Szijjarto Fragen zum Skandal beantworten lassen.<\/p>\n<p>Timea Szabo, Abgeordnete f\u00fcr Opposition <strong>Dialog f\u00fcr Ungarn<\/strong> (PM), sagte Orbans \u00c4u\u00dferungen seien inakzeptabel und der Premierminister werde auch einen Bericht wegen Insidergesch\u00e4ften einreichen. \u201eDie Premierministerin hat \u201eW\u00e4hler betrogen, gelogen und in die Irre gef\u00fchrt\u201csagte sie und f\u00fcgte hinzu, dass ihre Partei rechtliche Schritte auf der Grundlage der Aufzeichnungen des Treffens anstreben werde, bei dem Orban Anweisungen f\u00fcr den Abzug von Geldern gegeben hatte, die sie zu beschaffen versuchen w\u00fcrde.<\/p>\n<p>Die Opposition <strong>Egyutt<\/strong> Eine Untersuchung gefordert, um aufzudecken, \u201cwie die Regierung mit \u00f6ffentlichen Geldern umgegangen ist\u201d und darauf bestanden, dass Orban \u201cpers\u00f6nlich verantwortlich\u201d sei.<\/p>\n<p><em>Foto: MTI<\/em><\/p>\n","protected":false},"excerpt":{"rendered":"<p>Budapest (MTI) \u2013 Oppositionsparteien forderten am Mittwoch Premierminister Viktor Orban zum R\u00fccktritt auf und \u00fcbernahmen einen Teil der Verantwortung f\u00fcr Probleme bei der Maklerfirma Quaestor. Verwandter Artikel: Szijjarto steht im Questor-Fall bis zum Hals Orban sagte auf einer Pressekonferenz in Sopron, Nordwestungarn, dass es auf seine Anweisung hin sei, dass Ministerien vor der Insolvenz von [&hellip;]<\/p>\n","protected":false},"author":2,"featured_media":768826,"comment_status":"open","ping_status":"open","sticky":false,"template":"","format":"standard","meta":{"_acf_changed":false,"_display_image":"","footnotes":""},"categories":[1281],"tags":[4015,1091,1632,1695,1128],"class_list":["post-768825","post","type-post","status-publish","format-standard","has-post-thumbnail","hentry","category-geschaft","tag-egyutt","tag-fidesz","tag-jobbik","tag-sozialisten","tag-viktor-orban"],"blocksy_meta":[],"acf":[],"author_username":"alk","telegram_post":"","public_post_metadata":{"breaking_news":"","important":"","csempe":"","center_tile":"","disable_thumbnail":"","target_lang":"","_featured_image_style":"","telegram_post":"","_xlat_group_id":""},"public_rank_math_data":{"title":"%title% %sep% %sitename%","description":"","focus_keyword":"","canonical_url":"","robots":"","primary_category":"1281","breadcrumb_title":"","facebook_title":"","facebook_description":"","facebook_image":"","facebook_image_id":"","twitter_title":"","twitter_description":"","twitter_image":"","twitter_image_id":"","twitter_card_type":"","twitter_use_facebook":"","advanced_robots":"","pillar_content":"","seo_score":"","contentai_score":"","rich_snippet":""},"_links":{"self":[{"href":"https:\/\/dailynewshungary.com\/de\/wp-json\/wp\/v2\/posts\/768825","targetHints":{"allow":["GET"]}}],"collection":[{"href":"https:\/\/dailynewshungary.com\/de\/wp-json\/wp\/v2\/posts"}],"about":[{"href":"https:\/\/dailynewshungary.com\/de\/wp-json\/wp\/v2\/types\/post"}],"author":[{"embeddable":true,"href":"https:\/\/dailynewshungary.com\/de\/wp-json\/wp\/v2\/users\/2"}],"replies":[{"embeddable":true,"href":"https:\/\/dailynewshungary.com\/de\/wp-json\/wp\/v2\/comments?post=768825"}],"version-history":[{"count":0,"href":"https:\/\/dailynewshungary.com\/de\/wp-json\/wp\/v2\/posts\/768825\/revisions"}],"wp:featuredmedia":[{"embeddable":true,"href":"https:\/\/dailynewshungary.com\/de\/wp-json\/wp\/v2\/media\/768826"}],"wp:attachment":[{"href":"https:\/\/dailynewshungary.com\/de\/wp-json\/wp\/v2\/media?parent=768825"}],"wp:term":[{"taxonomy":"category","embeddable":true,"href":"https:\/\/dailynewshungary.com\/de\/wp-json\/wp\/v2\/categories?post=768825"},{"taxonomy":"post_tag","embeddable":true,"href":"https:\/\/dailynewshungary.com\/de\/wp-json\/wp\/v2\/tags?post=768825"}],"curies":[{"name":"wp","href":"https:\/\/api.w.org\/{rel}","templated":true}]}}