{"id":768837,"date":"2015-03-25T15:00:02","date_gmt":"2015-03-25T14:00:02","guid":{"rendered":"https:\/\/dailynewshungary.com\/de\/in-ungarn-wurden-weniger-tuberkulosefalle-gemeldet\/"},"modified":"2015-03-25T15:00:02","modified_gmt":"2015-03-25T14:00:02","slug":"in-ungarn-wurden-weniger-tuberkulosefalle-gemeldet","status":"publish","type":"post","link":"https:\/\/dailynewshungary.com\/de\/in-ungarn-wurden-weniger-tuberkulosefalle-gemeldet\/","title":{"rendered":"In Ungarn wurden weniger Tuberkulosef\u00e4lle gemeldet"},"content":{"rendered":"<p><strong>Budapest (MTI) \u2013 Die Zahl der an Tuberkulose (TB) erkrankten Patienten ist in den letzten f\u00fcnf Jahren schrittweise zur\u00fcckgegangen, teilte das Personalministerium am Dienstag anl\u00e4sslich des Internationalen Tuberkulose-Tages mit.<\/strong><\/p>\n<p>2014 lag die Zahl der TB-Patienten bei weniger als 100 in einer Million, bei Neuerkrankungen wurde ein R\u00fcckgang um \u00fcber 10 Prozent registriert, EU-weit liegt die entsprechende Quote bei durchschnittlich f\u00fcnf Prozent, teilte das Ministerium mit.<\/p>\n<p>Der deutliche R\u00fcckgang sei auf die enge Zusammenarbeit zwischen Gesundheitsmanagement, den zust\u00e4ndigen Beh\u00f6rden, Gesundheitseinrichtungen und zivilen Organisationen zur\u00fcckzuf\u00fchren, hie\u00df es.<\/p>\n<p>\u201cEs ist ein realistisches Ziel f\u00fcr Ungarn, die Krankheit fast vollst\u00e4ndig zu beseitigen, n\u00e4mlich die Reduzierung neuer F\u00e4lle auf 10 pro eine Million Einwohner, bis 2035, wie von der Weltgesundheitsorganisation vorgesehen\u201d, sagte das Ministerium.<\/p>\n<p><em>Foto: Pixabay<\/em><\/p>\n","protected":false},"excerpt":{"rendered":"<p>Budapest (MTI) \u2013 Die Zahl der an Tuberkulose (TB) erkrankten Patienten ist in den letzten f\u00fcnf Jahren schrittweise zur\u00fcckgegangen, teilte das Personalministerium am Dienstag anl\u00e4sslich des Internationalen Tuberkulose-Tages mit. 2014 lag die Zahl der TB-Patienten bei weniger als 100 in einer Million, bei Neuerkrankungen wurde ein R\u00fcckgang um \u00fcber 10 Prozent registriert, EU-weit liegt die [&hellip;]<\/p>\n","protected":false},"author":2,"featured_media":768838,"comment_status":"open","ping_status":"open","sticky":false,"template":"","format":"standard","meta":{"_acf_changed":false,"_display_image":"","footnotes":""},"categories":[1098],"tags":[1107],"class_list":["post-768837","post","type-post","status-publish","format-standard","has-post-thumbnail","hentry","category-gesellschaft","tag-gesundheit"],"blocksy_meta":[],"acf":[],"author_username":"alk","telegram_post":"","public_post_metadata":{"breaking_news":"","important":"","csempe":"","center_tile":"","disable_thumbnail":"","target_lang":"","_featured_image_style":"","telegram_post":"","_xlat_group_id":""},"public_rank_math_data":{"title":"%title% %sep% %sitename%","description":"","focus_keyword":"","canonical_url":"","robots":"","primary_category":"1098","breadcrumb_title":"","facebook_title":"","facebook_description":"","facebook_image":"","facebook_image_id":"","twitter_title":"","twitter_description":"","twitter_image":"","twitter_image_id":"","twitter_card_type":"","twitter_use_facebook":"","advanced_robots":"","pillar_content":"","seo_score":"","contentai_score":"","rich_snippet":""},"_links":{"self":[{"href":"https:\/\/dailynewshungary.com\/de\/wp-json\/wp\/v2\/posts\/768837","targetHints":{"allow":["GET"]}}],"collection":[{"href":"https:\/\/dailynewshungary.com\/de\/wp-json\/wp\/v2\/posts"}],"about":[{"href":"https:\/\/dailynewshungary.com\/de\/wp-json\/wp\/v2\/types\/post"}],"author":[{"embeddable":true,"href":"https:\/\/dailynewshungary.com\/de\/wp-json\/wp\/v2\/users\/2"}],"replies":[{"embeddable":true,"href":"https:\/\/dailynewshungary.com\/de\/wp-json\/wp\/v2\/comments?post=768837"}],"version-history":[{"count":0,"href":"https:\/\/dailynewshungary.com\/de\/wp-json\/wp\/v2\/posts\/768837\/revisions"}],"wp:featuredmedia":[{"embeddable":true,"href":"https:\/\/dailynewshungary.com\/de\/wp-json\/wp\/v2\/media\/768838"}],"wp:attachment":[{"href":"https:\/\/dailynewshungary.com\/de\/wp-json\/wp\/v2\/media?parent=768837"}],"wp:term":[{"taxonomy":"category","embeddable":true,"href":"https:\/\/dailynewshungary.com\/de\/wp-json\/wp\/v2\/categories?post=768837"},{"taxonomy":"post_tag","embeddable":true,"href":"https:\/\/dailynewshungary.com\/de\/wp-json\/wp\/v2\/tags?post=768837"}],"curies":[{"name":"wp","href":"https:\/\/api.w.org\/{rel}","templated":true}]}}