{"id":768855,"date":"2015-03-24T16:14:36","date_gmt":"2015-03-24T15:14:36","guid":{"rendered":"https:\/\/dailynewshungary.com\/de\/lazar-die-arbeit-am-sonntag-soll-reduziert-werden\/"},"modified":"2015-03-24T16:14:36","modified_gmt":"2015-03-24T15:14:36","slug":"lazar-die-arbeit-am-sonntag-soll-reduziert-werden","status":"publish","type":"post","link":"https:\/\/dailynewshungary.com\/de\/lazar-die-arbeit-am-sonntag-soll-reduziert-werden\/","title":{"rendered":"Lazar: Die Arbeit am Sonntag soll reduziert werden"},"content":{"rendered":"<p><strong>Budapest, 24. M\u00e4rz (MTI) \u2013 Jede Ma\u00dfnahme, die die Zahl der Menschen, die am Sonntag arbeiten, verringert, sollte begr\u00fc\u00dft werden, sagte Janos Lazar, der Leiter des B\u00fcros des Premierministers, t\u00e4glich im Nepszabadsag am Dienstag.<\/strong><\/p>\n<p>Von 4 Millionen Menschen, die in Ungarn arbeiten, arbeiten eine Million auch sonntags, \u201cwas viel ist\u201d, sagte Lazar der Zeitung.<\/p>\n<p>Wenn ein Referendum \u00fcber die Sonntagsarbeit im Einzelhandel stattfindet, werden die Regierungsparteien Wahlkampf machen und versuchen, die W\u00e4hler von ihrer \u00dcberzeugung zu \u00fcberzeugen. Aber wenn es in die andere Richtung geht, werden sie die Entscheidung der W\u00e4hler respektieren, sagte er.<\/p>\n<p>Peter Harrach, der Vorsitzende der Fraktion der Juniorregierung der KDNP, sagte zuvor, dass das Gesetz \u00fcber verkaufsoffene Sonntage in etwa zwei Monaten auf ihre Auswirkungen \u00fcberpr\u00fcft und weitere Ausnahmen aufgenommen werden k\u00f6nnten.<\/p>\n<p>Das Wirtschaftsministerium ver\u00f6ffentlichte am Montag eine Umfrage aus dem Jahr 2011 auf der Website der Regierung, es unterstrich, dass es sich bei der Umfrage nicht um eine Wirkungsstudie handele, wie Nepszabadsag zuvor vorgeschlagen hatteDas Ministerium bestritt, dass keine Wirkungsstudie zur Abw\u00e4gung des m\u00f6glichen Ergebnisses des Gesetzes \u00fcber Einkaufsbeschr\u00e4nkungen am Sonntag durchgef\u00fchrt wurde.<\/p>\n<p>Die Umfrage ergab, dass 54 Prozent der befragten Befragten im Jahr 2011 gegen die Schlie\u00dfung von Gesch\u00e4ften am Sonntag waren, und fast 38 Prozent gaben an, regelm\u00e4\u00dfig sonntags einzukaufen, w\u00e4hrend 18,5 Prozent angaben, ihre verkaufsoffenen Sonntage zum Vorrat f\u00fcr die Woche genutzt zu haben Etwa 69 Prozent gaben an, ihren verkaufsoffenen Sonntag bei multinationalen Ketten zu erledigen Fast 60 Prozent gaben an, dass sie woanders einkaufen oder an einem anderen Wochentag ihre Eink\u00e4ufe erledigen k\u00f6nnten.<\/p>\n<p><em>Foto: MTI<\/em><\/p>\n","protected":false},"excerpt":{"rendered":"<p>Budapest, 24. M\u00e4rz (MTI) \u2013 Jede Ma\u00dfnahme, die die Zahl der Menschen, die am Sonntag arbeiten, verringert, sollte begr\u00fc\u00dft werden, sagte Janos Lazar, der Leiter des B\u00fcros des Premierministers, t\u00e4glich im Nepszabadsag am Dienstag. Von 4 Millionen Menschen, die in Ungarn arbeiten, arbeiten eine Million auch sonntags, \u201cwas viel ist\u201d, sagte Lazar der Zeitung. Wenn [&hellip;]<\/p>\n","protected":false},"author":2,"featured_media":768856,"comment_status":"open","ping_status":"open","sticky":false,"template":"","format":"standard","meta":{"_acf_changed":false,"_display_image":"","footnotes":""},"categories":[1281],"tags":[1066],"class_list":["post-768855","post","type-post","status-publish","format-standard","has-post-thumbnail","hentry","category-geschaft","tag-hungary"],"blocksy_meta":[],"acf":[],"author_username":"alk","telegram_post":"","public_post_metadata":{"breaking_news":"","important":"","csempe":"","center_tile":"","disable_thumbnail":"","target_lang":"","_featured_image_style":"","telegram_post":"","_xlat_group_id":""},"public_rank_math_data":{"title":"%title% %sep% %sitename%","description":"","focus_keyword":"","canonical_url":"","robots":"","primary_category":"1281","breadcrumb_title":"","facebook_title":"","facebook_description":"","facebook_image":"","facebook_image_id":"","twitter_title":"","twitter_description":"","twitter_image":"","twitter_image_id":"","twitter_card_type":"","twitter_use_facebook":"","advanced_robots":"","pillar_content":"","seo_score":"","contentai_score":"","rich_snippet":""},"_links":{"self":[{"href":"https:\/\/dailynewshungary.com\/de\/wp-json\/wp\/v2\/posts\/768855","targetHints":{"allow":["GET"]}}],"collection":[{"href":"https:\/\/dailynewshungary.com\/de\/wp-json\/wp\/v2\/posts"}],"about":[{"href":"https:\/\/dailynewshungary.com\/de\/wp-json\/wp\/v2\/types\/post"}],"author":[{"embeddable":true,"href":"https:\/\/dailynewshungary.com\/de\/wp-json\/wp\/v2\/users\/2"}],"replies":[{"embeddable":true,"href":"https:\/\/dailynewshungary.com\/de\/wp-json\/wp\/v2\/comments?post=768855"}],"version-history":[{"count":0,"href":"https:\/\/dailynewshungary.com\/de\/wp-json\/wp\/v2\/posts\/768855\/revisions"}],"wp:featuredmedia":[{"embeddable":true,"href":"https:\/\/dailynewshungary.com\/de\/wp-json\/wp\/v2\/media\/768856"}],"wp:attachment":[{"href":"https:\/\/dailynewshungary.com\/de\/wp-json\/wp\/v2\/media?parent=768855"}],"wp:term":[{"taxonomy":"category","embeddable":true,"href":"https:\/\/dailynewshungary.com\/de\/wp-json\/wp\/v2\/categories?post=768855"},{"taxonomy":"post_tag","embeddable":true,"href":"https:\/\/dailynewshungary.com\/de\/wp-json\/wp\/v2\/tags?post=768855"}],"curies":[{"name":"wp","href":"https:\/\/api.w.org\/{rel}","templated":true}]}}