{"id":768901,"date":"2015-03-21T10:00:24","date_gmt":"2015-03-21T09:00:24","guid":{"rendered":"https:\/\/dailynewshungary.com\/de\/ungarische-regierung-fordert-immer-mehr-daten-von-facebook-an\/"},"modified":"2015-03-21T10:00:24","modified_gmt":"2015-03-21T09:00:24","slug":"ungarische-regierung-fordert-immer-mehr-daten-von-facebook-an","status":"publish","type":"post","link":"https:\/\/dailynewshungary.com\/de\/ungarische-regierung-fordert-immer-mehr-daten-von-facebook-an\/","title":{"rendered":"Ungarische Regierung fordert immer mehr Daten von Facebook an"},"content":{"rendered":"<p><strong>Im Vergleich zum Vorjahr habe eine ungarische Regierungsbeh\u00f6rde in den letzten 6 Monaten des Jahres 2014 doppelt so viele Nutzerdaten abgefragt, sagt hvg.hu.<\/strong><\/p>\n<p>Laut dem Transparenzbericht von Facebook, der aktuelle Daten enth\u00e4lt, interessierten sich die ungarischen Beh\u00f6rden im ersten Semester f\u00fcr 78 Facebook-Nutzer, im zweiten f\u00fcr 167. Die Netzwerkseite erf\u00fcllte zumindest teilweise das Drittel der Anfragen.<\/p>\n<p>Der Aufschwung der Facebook-Untersuchung der ungarischen Regierungsbeh\u00f6rden ist kontinuierlich: Im ersten Halbjahr 2013 wurden 24 Daten der zweiten 51 Nutzer von den ungarischen Beh\u00f6rden angefordert. Auf dieser Grundlage betr\u00e4gt das j\u00e4hrliche Wachstum mehr als das Dreifache.<\/p>\n<p>Laut hvg.hu ist die Zahl der staatlichen Datenanfragen in mehreren westlichen L\u00e4ndern zur\u00fcckgegangen, au\u00dferdem forderten neben den USA und dem Vereinigten K\u00f6nigreich auch Frankreich, Deutschland und Italien in der zweiten Jahresh\u00e4lfte weniger Daten an als im Vorzeitraum.<\/p>\n<p>Die angeforderten (und erteilten) Informationen k\u00f6nnen den Benutzer und seinen Standort gem\u00e4\u00df der IP-Adresse betreffen und k\u00f6nnen die gesendeten und empfangenen Nachrichten umfassen.<\/p>\n<p><em>basierend auf dem Artikel von hvg.hu<br \/>\n\u00dcbersetzt von B.A<\/em><\/p>\n<p><em>Foto: Pixabay.com<\/em><\/p>\n","protected":false},"excerpt":{"rendered":"<p>Im Vergleich zum Vorjahr habe eine ungarische Regierungsbeh\u00f6rde in den letzten 6 Monaten des Jahres 2014 doppelt so viele Nutzerdaten abgefragt, sagt hvg.hu. Laut dem Transparenzbericht von Facebook, der aktuelle Daten enth\u00e4lt, interessierten sich die ungarischen Beh\u00f6rden im ersten Semester f\u00fcr 78 Facebook-Nutzer, im zweiten f\u00fcr 167. Die Netzwerkseite erf\u00fcllte zumindest teilweise das Drittel der [&hellip;]<\/p>\n","protected":false},"author":3,"featured_media":768902,"comment_status":"open","ping_status":"open","sticky":false,"template":"","format":"standard","meta":{"_acf_changed":false,"_display_image":"","footnotes":""},"categories":[1081],"tags":[1066],"class_list":["post-768901","post","type-post","status-publish","format-standard","has-post-thumbnail","hentry","category-politik","tag-hungary"],"blocksy_meta":[],"acf":[],"author_username":"becsi","telegram_post":"","public_post_metadata":{"breaking_news":"","important":"","csempe":"","center_tile":"","disable_thumbnail":"","target_lang":"","_featured_image_style":"","telegram_post":"","_xlat_group_id":""},"public_rank_math_data":{"title":"%title% %sep% %sitename%","description":"","focus_keyword":"","canonical_url":"","robots":"","primary_category":"1081","breadcrumb_title":"","facebook_title":"","facebook_description":"","facebook_image":"","facebook_image_id":"","twitter_title":"","twitter_description":"","twitter_image":"","twitter_image_id":"","twitter_card_type":"","twitter_use_facebook":"","advanced_robots":"","pillar_content":"","seo_score":"","contentai_score":"","rich_snippet":""},"_links":{"self":[{"href":"https:\/\/dailynewshungary.com\/de\/wp-json\/wp\/v2\/posts\/768901","targetHints":{"allow":["GET"]}}],"collection":[{"href":"https:\/\/dailynewshungary.com\/de\/wp-json\/wp\/v2\/posts"}],"about":[{"href":"https:\/\/dailynewshungary.com\/de\/wp-json\/wp\/v2\/types\/post"}],"author":[{"embeddable":true,"href":"https:\/\/dailynewshungary.com\/de\/wp-json\/wp\/v2\/users\/3"}],"replies":[{"embeddable":true,"href":"https:\/\/dailynewshungary.com\/de\/wp-json\/wp\/v2\/comments?post=768901"}],"version-history":[{"count":0,"href":"https:\/\/dailynewshungary.com\/de\/wp-json\/wp\/v2\/posts\/768901\/revisions"}],"wp:featuredmedia":[{"embeddable":true,"href":"https:\/\/dailynewshungary.com\/de\/wp-json\/wp\/v2\/media\/768902"}],"wp:attachment":[{"href":"https:\/\/dailynewshungary.com\/de\/wp-json\/wp\/v2\/media?parent=768901"}],"wp:term":[{"taxonomy":"category","embeddable":true,"href":"https:\/\/dailynewshungary.com\/de\/wp-json\/wp\/v2\/categories?post=768901"},{"taxonomy":"post_tag","embeddable":true,"href":"https:\/\/dailynewshungary.com\/de\/wp-json\/wp\/v2\/tags?post=768901"}],"curies":[{"name":"wp","href":"https:\/\/api.w.org\/{rel}","templated":true}]}}