{"id":768909,"date":"2015-03-20T14:00:54","date_gmt":"2015-03-20T13:00:54","guid":{"rendered":"https:\/\/dailynewshungary.com\/de\/wizz-air-soll-den-flug-budapest-baku-nicht-neu-starten\/"},"modified":"2015-03-20T14:00:54","modified_gmt":"2015-03-20T13:00:54","slug":"wizz-air-soll-den-flug-budapest-baku-nicht-neu-starten","status":"publish","type":"post","link":"https:\/\/dailynewshungary.com\/de\/wizz-air-soll-den-flug-budapest-baku-nicht-neu-starten\/","title":{"rendered":"Wizz Air soll den Flug Budapest-Baku nicht neu starten"},"content":{"rendered":"<p><strong>Der Flug Budapest-Baku Wizz w\u00e4re am 29. M\u00e4rz wieder aufgenommen worden, aber nach Angaben der Fluggesellschaft hat der Flughafen Baku die Vereinbarung \u00fcber Flughafengeb\u00fchren und -geb\u00fchren zwischen den Parteien nicht eingehalten, sodass der Neustart gestoppt wurde, sagt hvg.hu.<\/strong><\/p>\n<p>\u201eWizz Air best\u00e4tigt, dass die Wiederaufnahme des urspr\u00fcnglich f\u00fcr den 29. M\u00e4rz geplanten Dienstes Budapest-Baku gestoppt wurde, nachdem der Flughafen Baku die Vereinbarung \u00fcber Flughafengeb\u00fchren und -geb\u00fchren zwischen den Parteien nicht eingehalten hat.\u201c\u201d \u201eDaniel de Carvalho, sagte der Sprecher der Fluggesellschaft.<\/p>\n<p>Die Fluggesellschaft erstattet f\u00fcr jeden Passagier den Preis der Tickets f\u00fcr die annullierten Strecken \u2013 f\u00fcgte er hinzu.<\/p>\n<p>Der Baku-Flug wurde im Winterflugplan aus wirtschaftlichen Gr\u00fcnden nicht durchgef\u00fchrt.<\/p>\n<p>Wizz Air startete im Juni 2013 den Direktflug zwischen Budapest und Baku. In dieser Benachrichtigung wurden 2 Fl\u00fcge pro Woche und 30 Tausend Passagiere im ersten Jahr gemeldet, sagt hvg.hu.<\/p>\n<p><em>basierend auf dem Artikel von hvg.hu<br \/>\n\u00dcbersetzt von B.A<\/em><\/p>\n<p><em>Foto: wizz-air.ro<\/em><\/p>\n","protected":false},"excerpt":{"rendered":"<p>Der Flug Budapest-Baku Wizz w\u00e4re am 29. M\u00e4rz wieder aufgenommen worden, aber nach Angaben der Fluggesellschaft hat der Flughafen Baku die Vereinbarung \u00fcber Flughafengeb\u00fchren und -geb\u00fchren zwischen den Parteien nicht eingehalten, sodass der Neustart gestoppt wurde, sagt hvg.hu. \u201eWizz Air best\u00e4tigt, dass die Wiederaufnahme des urspr\u00fcnglich f\u00fcr den 29. M\u00e4rz geplanten Dienstes Budapest-Baku gestoppt wurde, [&hellip;]<\/p>\n","protected":false},"author":3,"featured_media":768910,"comment_status":"open","ping_status":"open","sticky":false,"template":"","format":"standard","meta":{"_acf_changed":false,"_display_image":"","footnotes":""},"categories":[1281],"tags":[1297],"class_list":["post-768909","post","type-post","status-publish","format-standard","has-post-thumbnail","hentry","category-geschaft","tag-transport"],"blocksy_meta":[],"acf":[],"author_username":"becsi","telegram_post":"","public_post_metadata":{"breaking_news":"","important":"","csempe":"","center_tile":"","disable_thumbnail":"","target_lang":"","_featured_image_style":"","telegram_post":"","_xlat_group_id":""},"public_rank_math_data":{"title":"%title% %sep% %sitename%","description":"","focus_keyword":"","canonical_url":"","robots":"","primary_category":"1281","breadcrumb_title":"","facebook_title":"","facebook_description":"","facebook_image":"","facebook_image_id":"","twitter_title":"","twitter_description":"","twitter_image":"","twitter_image_id":"","twitter_card_type":"","twitter_use_facebook":"","advanced_robots":"","pillar_content":"","seo_score":"","contentai_score":"","rich_snippet":""},"_links":{"self":[{"href":"https:\/\/dailynewshungary.com\/de\/wp-json\/wp\/v2\/posts\/768909","targetHints":{"allow":["GET"]}}],"collection":[{"href":"https:\/\/dailynewshungary.com\/de\/wp-json\/wp\/v2\/posts"}],"about":[{"href":"https:\/\/dailynewshungary.com\/de\/wp-json\/wp\/v2\/types\/post"}],"author":[{"embeddable":true,"href":"https:\/\/dailynewshungary.com\/de\/wp-json\/wp\/v2\/users\/3"}],"replies":[{"embeddable":true,"href":"https:\/\/dailynewshungary.com\/de\/wp-json\/wp\/v2\/comments?post=768909"}],"version-history":[{"count":0,"href":"https:\/\/dailynewshungary.com\/de\/wp-json\/wp\/v2\/posts\/768909\/revisions"}],"wp:featuredmedia":[{"embeddable":true,"href":"https:\/\/dailynewshungary.com\/de\/wp-json\/wp\/v2\/media\/768910"}],"wp:attachment":[{"href":"https:\/\/dailynewshungary.com\/de\/wp-json\/wp\/v2\/media?parent=768909"}],"wp:term":[{"taxonomy":"category","embeddable":true,"href":"https:\/\/dailynewshungary.com\/de\/wp-json\/wp\/v2\/categories?post=768909"},{"taxonomy":"post_tag","embeddable":true,"href":"https:\/\/dailynewshungary.com\/de\/wp-json\/wp\/v2\/tags?post=768909"}],"curies":[{"name":"wp","href":"https:\/\/api.w.org\/{rel}","templated":true}]}}