{"id":768953,"date":"2015-03-17T23:20:06","date_gmt":"2015-03-17T22:20:06","guid":{"rendered":"https:\/\/dailynewshungary.com\/de\/premierminister-trifft-neuen-us-botschafter\/"},"modified":"2015-03-17T23:20:06","modified_gmt":"2015-03-17T22:20:06","slug":"premierminister-trifft-neuen-us-botschafter","status":"publish","type":"post","link":"https:\/\/dailynewshungary.com\/de\/premierminister-trifft-neuen-us-botschafter\/","title":{"rendered":"Premierminister trifft neuen US-Botschafter"},"content":{"rendered":"<p><strong>Budapest, 17. M\u00e4rz (MTI) \u201ePremierminister Viktor Orban traf am Dienstagnachmittag Colleen Bell, die neue US-Botschafterin, im Parlament, sagte Orbans Pressechef gegen\u00fcber MTI.<\/strong><\/p>\n<p>Orban und der Botschafter er\u00f6rterten die Aussichten f\u00fcr den Aufbau bilateraler Beziehungen sowie die Herausforderungen, mit denen Europa und der Konflikt in der Ukraine konfrontiert sind, sagte Bertalan Havasi.<\/p>\n<p>Sie h\u00e4tten auch \u00fcber die Energiesicherheitssituation Ungarns gesprochen, sagte er.<\/p>\n<p>An dem Treffen nahm Au\u00dfenminister Peter Szijjarto teil.<\/p>\n<p>Colleen Bell trat im Januar ihren Posten als US-Botschafterin in Ungarn an.<\/p>\n<p><em>Foto: MTI<\/em><\/p>\n","protected":false},"excerpt":{"rendered":"<p>Budapest, 17. M\u00e4rz (MTI) \u201ePremierminister Viktor Orban traf am Dienstagnachmittag Colleen Bell, die neue US-Botschafterin, im Parlament, sagte Orbans Pressechef gegen\u00fcber MTI. Orban und der Botschafter er\u00f6rterten die Aussichten f\u00fcr den Aufbau bilateraler Beziehungen sowie die Herausforderungen, mit denen Europa und der Konflikt in der Ukraine konfrontiert sind, sagte Bertalan Havasi. Sie h\u00e4tten auch \u00fcber [&hellip;]<\/p>\n","protected":false},"author":2,"featured_media":768954,"comment_status":"open","ping_status":"open","sticky":false,"template":"","format":"standard","meta":{"_acf_changed":false,"_display_image":"","footnotes":""},"categories":[1081],"tags":[1577,1128],"class_list":["post-768953","post","type-post","status-publish","format-standard","has-post-thumbnail","hentry","category-politik","tag-vereinigten-staaten","tag-viktor-orban"],"blocksy_meta":[],"acf":[],"author_username":"alk","telegram_post":"","public_post_metadata":{"breaking_news":"","important":"","csempe":"","center_tile":"","disable_thumbnail":"","target_lang":"","_featured_image_style":"","telegram_post":"","_xlat_group_id":""},"public_rank_math_data":{"title":"%title% %sep% %sitename%","description":"","focus_keyword":"","canonical_url":"","robots":"","primary_category":"1081","breadcrumb_title":"","facebook_title":"","facebook_description":"","facebook_image":"","facebook_image_id":"","twitter_title":"","twitter_description":"","twitter_image":"","twitter_image_id":"","twitter_card_type":"","twitter_use_facebook":"","advanced_robots":"","pillar_content":"","seo_score":"","contentai_score":"","rich_snippet":""},"_links":{"self":[{"href":"https:\/\/dailynewshungary.com\/de\/wp-json\/wp\/v2\/posts\/768953","targetHints":{"allow":["GET"]}}],"collection":[{"href":"https:\/\/dailynewshungary.com\/de\/wp-json\/wp\/v2\/posts"}],"about":[{"href":"https:\/\/dailynewshungary.com\/de\/wp-json\/wp\/v2\/types\/post"}],"author":[{"embeddable":true,"href":"https:\/\/dailynewshungary.com\/de\/wp-json\/wp\/v2\/users\/2"}],"replies":[{"embeddable":true,"href":"https:\/\/dailynewshungary.com\/de\/wp-json\/wp\/v2\/comments?post=768953"}],"version-history":[{"count":0,"href":"https:\/\/dailynewshungary.com\/de\/wp-json\/wp\/v2\/posts\/768953\/revisions"}],"wp:featuredmedia":[{"embeddable":true,"href":"https:\/\/dailynewshungary.com\/de\/wp-json\/wp\/v2\/media\/768954"}],"wp:attachment":[{"href":"https:\/\/dailynewshungary.com\/de\/wp-json\/wp\/v2\/media?parent=768953"}],"wp:term":[{"taxonomy":"category","embeddable":true,"href":"https:\/\/dailynewshungary.com\/de\/wp-json\/wp\/v2\/categories?post=768953"},{"taxonomy":"post_tag","embeddable":true,"href":"https:\/\/dailynewshungary.com\/de\/wp-json\/wp\/v2\/tags?post=768953"}],"curies":[{"name":"wp","href":"https:\/\/api.w.org\/{rel}","templated":true}]}}