{"id":768957,"date":"2015-03-17T19:43:02","date_gmt":"2015-03-17T18:43:02","guid":{"rendered":"https:\/\/dailynewshungary.com\/de\/jobbik-fordert-eine-ausweitung-der-patrouillen-entlang-der-sudlichen-grenzen\/"},"modified":"2015-03-17T19:43:02","modified_gmt":"2015-03-17T18:43:02","slug":"jobbik-fordert-eine-ausweitung-der-patrouillen-entlang-der-sudlichen-grenzen","status":"publish","type":"post","link":"https:\/\/dailynewshungary.com\/de\/jobbik-fordert-eine-ausweitung-der-patrouillen-entlang-der-sudlichen-grenzen\/","title":{"rendered":"Jobbik fordert eine Ausweitung der Patrouillen entlang der s\u00fcdlichen Grenzen"},"content":{"rendered":"<p><strong>Budapest, 17. M\u00e4rz (MTI) \u2013 Die radikal-nationalistische Jobbik-Partei m\u00f6chte, dass verst\u00e4rkte Polizeipatrouillen entlang der S\u00fcdgrenzen Ungarns ausgeweitet werden.<\/strong><\/p>\n<p>Der stellvertretende Fraktionsvorsitzende Daniel Karpat sagte am Dienstag auf einer Pressekonferenz, dass ein j\u00fcngster R\u00fcckgang der Migration auf die Bem\u00fchungen Serbiens zur\u00fcckzuf\u00fchren sei, Einwanderer zu stoppen. Auch Ungarn k\u00f6nne die Einwanderungswelle besser verhindern, indem es die verf\u00fcgbare technische Ausr\u00fcstung richtig nutze und die Polizeipatrouillen verst\u00e4rkte, f\u00fcgte er hinzu.<\/p>\n<p>Er bat die Regierung, sich mit den Beh\u00f6rden der Europ\u00e4ischen Union \u00fcber die Kosten zu beratenDie aktuelle Petitionskampagne von Jobbik beinhaltet die Einholung der Meinungen der Menschen zur Einwanderung, stellte er fest und f\u00fcgte hinzu, es sei jedoch sicher, dass 90 Prozent der Befragten nicht wollen w\u00fcrden, dass der Staat die Kosten tr\u00e4gt.<\/p>\n","protected":false},"excerpt":{"rendered":"<p>Budapest, 17. M\u00e4rz (MTI) \u2013 Die radikal-nationalistische Jobbik-Partei m\u00f6chte, dass verst\u00e4rkte Polizeipatrouillen entlang der S\u00fcdgrenzen Ungarns ausgeweitet werden. Der stellvertretende Fraktionsvorsitzende Daniel Karpat sagte am Dienstag auf einer Pressekonferenz, dass ein j\u00fcngster R\u00fcckgang der Migration auf die Bem\u00fchungen Serbiens zur\u00fcckzuf\u00fchren sei, Einwanderer zu stoppen. Auch Ungarn k\u00f6nne die Einwanderungswelle besser verhindern, indem es die verf\u00fcgbare [&hellip;]<\/p>\n","protected":false},"author":2,"featured_media":768958,"comment_status":"open","ping_status":"open","sticky":false,"template":"","format":"standard","meta":{"_acf_changed":false,"_display_image":"","footnotes":""},"categories":[1081],"tags":[1632,1445],"class_list":["post-768957","post","type-post","status-publish","format-standard","has-post-thumbnail","hentry","category-politik","tag-jobbik","tag-migration"],"blocksy_meta":[],"acf":[],"author_username":"alk","telegram_post":"","public_post_metadata":{"breaking_news":"","important":"","csempe":"","center_tile":"","disable_thumbnail":"","target_lang":"","_featured_image_style":"","telegram_post":"","_xlat_group_id":""},"public_rank_math_data":{"title":"%title% %sep% %sitename%","description":"","focus_keyword":"","canonical_url":"","robots":"","primary_category":"1081","breadcrumb_title":"","facebook_title":"","facebook_description":"","facebook_image":"","facebook_image_id":"","twitter_title":"","twitter_description":"","twitter_image":"","twitter_image_id":"","twitter_card_type":"","twitter_use_facebook":"","advanced_robots":"","pillar_content":"","seo_score":"","contentai_score":"","rich_snippet":""},"_links":{"self":[{"href":"https:\/\/dailynewshungary.com\/de\/wp-json\/wp\/v2\/posts\/768957","targetHints":{"allow":["GET"]}}],"collection":[{"href":"https:\/\/dailynewshungary.com\/de\/wp-json\/wp\/v2\/posts"}],"about":[{"href":"https:\/\/dailynewshungary.com\/de\/wp-json\/wp\/v2\/types\/post"}],"author":[{"embeddable":true,"href":"https:\/\/dailynewshungary.com\/de\/wp-json\/wp\/v2\/users\/2"}],"replies":[{"embeddable":true,"href":"https:\/\/dailynewshungary.com\/de\/wp-json\/wp\/v2\/comments?post=768957"}],"version-history":[{"count":0,"href":"https:\/\/dailynewshungary.com\/de\/wp-json\/wp\/v2\/posts\/768957\/revisions"}],"wp:featuredmedia":[{"embeddable":true,"href":"https:\/\/dailynewshungary.com\/de\/wp-json\/wp\/v2\/media\/768958"}],"wp:attachment":[{"href":"https:\/\/dailynewshungary.com\/de\/wp-json\/wp\/v2\/media?parent=768957"}],"wp:term":[{"taxonomy":"category","embeddable":true,"href":"https:\/\/dailynewshungary.com\/de\/wp-json\/wp\/v2\/categories?post=768957"},{"taxonomy":"post_tag","embeddable":true,"href":"https:\/\/dailynewshungary.com\/de\/wp-json\/wp\/v2\/tags?post=768957"}],"curies":[{"name":"wp","href":"https:\/\/api.w.org\/{rel}","templated":true}]}}