{"id":768977,"date":"2015-03-16T16:00:52","date_gmt":"2015-03-16T15:00:52","guid":{"rendered":"https:\/\/dailynewshungary.com\/de\/weniger-einwanderer-aus-dem-kosovo-viele-aus-syrien-afghanistan\/"},"modified":"2015-03-16T16:00:52","modified_gmt":"2015-03-16T15:00:52","slug":"weniger-einwanderer-aus-dem-kosovo-viele-aus-syrien-afghanistan","status":"publish","type":"post","link":"https:\/\/dailynewshungary.com\/de\/weniger-einwanderer-aus-dem-kosovo-viele-aus-syrien-afghanistan\/","title":{"rendered":"Weniger Einwanderer aus dem Kosovo, viele aus Syrien, Afghanistan"},"content":{"rendered":"<p><strong>Budapest, 16. M\u00e4rz (MTI) \u2013 Die Zahl der illegalen Einwanderer, die aus dem Kosovo nach Ungarn kommen, ist seit Jahresbeginn zur\u00fcckgegangen, aber von denen aus Syrien, Afghanistan und dem Irak ist sie nach wie vor hoch, sagte der Direktor des nationalen Einwanderungs- und Staatsb\u00fcrgerschaftsb\u00fcros sagte am Montag.<\/strong><\/p>\n<p>In einem beispiellosen Trend seien seit Anfang 2015 mehr als 7.000 illegale Einwanderer aus diesen drei L\u00e4ndern angekommen, sagte Zsuzsanna Vegh gegen\u00fcber dem \u00f6ffentlich-rechtlichen Kossuth Radio.<\/p>\n<p>Die Einwanderer seien aus Gebieten geflohen, in denen sich die Sicherheit erheblich verschlechtert habe, sagte sie und f\u00fcgte hinzu, dass die Bewertung ihrer Antr\u00e4ge ein komplexerer Prozess sei als die f\u00fcr kosovarische Antragsteller.<\/p>\n<p>Vegh stellte fest, dass infolge der internationalen Zusammenarbeit zwischen den Beh\u00f6rden die Zahl der illegalen Einwanderer deutlich zur\u00fcckgegangen sei, von rund 1000 pro Tag zu Beginn des Jahres auf 150-200. Doch im internationalen Vergleich sei die Zahl noch immer hoch, f\u00fcgte sie hinzu.<\/p>\n<p>Mit der Gesamtzahl der beim Amt registrierten Asylbewerber liege Ungarn inzwischen an zweiter Stelle hinter Deutschland, sagte sie.<\/p>\n<p>Das B\u00fcro sei zur Bearbeitung von Antr\u00e4gen auf einen 24-Stunden-Arbeitsplan umgestiegen, f\u00fcgte Vegh hinzu.<\/p>\n<p><em>Foto: MTI<\/em><\/p>\n","protected":false},"excerpt":{"rendered":"<p>Budapest, 16. M\u00e4rz (MTI) \u2013 Die Zahl der illegalen Einwanderer, die aus dem Kosovo nach Ungarn kommen, ist seit Jahresbeginn zur\u00fcckgegangen, aber von denen aus Syrien, Afghanistan und dem Irak ist sie nach wie vor hoch, sagte der Direktor des nationalen Einwanderungs- und Staatsb\u00fcrgerschaftsb\u00fcros sagte am Montag. In einem beispiellosen Trend seien seit Anfang 2015 [&hellip;]<\/p>\n","protected":false},"author":2,"featured_media":768978,"comment_status":"open","ping_status":"open","sticky":false,"template":"","format":"standard","meta":{"_acf_changed":false,"_display_image":"","footnotes":""},"categories":[1098],"tags":[1445],"class_list":["post-768977","post","type-post","status-publish","format-standard","has-post-thumbnail","hentry","category-gesellschaft","tag-migration"],"blocksy_meta":[],"acf":[],"author_username":"alk","telegram_post":"","public_post_metadata":{"breaking_news":"","important":"","csempe":"","center_tile":"","disable_thumbnail":"","target_lang":"","_featured_image_style":"","telegram_post":"","_xlat_group_id":""},"public_rank_math_data":{"title":"%title% %sep% %sitename%","description":"","focus_keyword":"","canonical_url":"","robots":"","primary_category":"1098","breadcrumb_title":"","facebook_title":"","facebook_description":"","facebook_image":"","facebook_image_id":"","twitter_title":"","twitter_description":"","twitter_image":"","twitter_image_id":"","twitter_card_type":"","twitter_use_facebook":"","advanced_robots":"","pillar_content":"","seo_score":"","contentai_score":"","rich_snippet":""},"_links":{"self":[{"href":"https:\/\/dailynewshungary.com\/de\/wp-json\/wp\/v2\/posts\/768977","targetHints":{"allow":["GET"]}}],"collection":[{"href":"https:\/\/dailynewshungary.com\/de\/wp-json\/wp\/v2\/posts"}],"about":[{"href":"https:\/\/dailynewshungary.com\/de\/wp-json\/wp\/v2\/types\/post"}],"author":[{"embeddable":true,"href":"https:\/\/dailynewshungary.com\/de\/wp-json\/wp\/v2\/users\/2"}],"replies":[{"embeddable":true,"href":"https:\/\/dailynewshungary.com\/de\/wp-json\/wp\/v2\/comments?post=768977"}],"version-history":[{"count":0,"href":"https:\/\/dailynewshungary.com\/de\/wp-json\/wp\/v2\/posts\/768977\/revisions"}],"wp:featuredmedia":[{"embeddable":true,"href":"https:\/\/dailynewshungary.com\/de\/wp-json\/wp\/v2\/media\/768978"}],"wp:attachment":[{"href":"https:\/\/dailynewshungary.com\/de\/wp-json\/wp\/v2\/media?parent=768977"}],"wp:term":[{"taxonomy":"category","embeddable":true,"href":"https:\/\/dailynewshungary.com\/de\/wp-json\/wp\/v2\/categories?post=768977"},{"taxonomy":"post_tag","embeddable":true,"href":"https:\/\/dailynewshungary.com\/de\/wp-json\/wp\/v2\/tags?post=768977"}],"curies":[{"name":"wp","href":"https:\/\/api.w.org\/{rel}","templated":true}]}}