{"id":768981,"date":"2015-03-16T12:12:15","date_gmt":"2015-03-16T11:12:15","guid":{"rendered":"https:\/\/dailynewshungary.com\/de\/zwei-ungarische-fotos-im-finale-des-handywettbewerbs\/"},"modified":"2015-03-16T12:12:15","modified_gmt":"2015-03-16T11:12:15","slug":"zwei-ungarische-fotos-im-finale-des-handywettbewerbs","status":"publish","type":"post","link":"https:\/\/dailynewshungary.com\/de\/zwei-ungarische-fotos-im-finale-des-handywettbewerbs\/","title":{"rendered":"Zwei ungarische Fotos im Finale des Handywettbewerbs"},"content":{"rendered":"<p><strong>Der gro\u00df angelegte Wettbewerb wurde von der Weltfotografieorganisation mit Unterst\u00fctzung von Sony angek\u00fcndigt, sagt szeretlekmagyarorszag.hu.<\/strong><\/p>\n<p>In dieser Kategorie k\u00f6nnen Sie nur mit Fotos eingeben, die mit dem Mobiltelefon gemacht wurden, maximal drei pro Teilnehmer. In einem Monat wurden mehr als 6 Tausend Fotos gesendet, f\u00fcr die Sie vom 10. M\u00e4rz bis 17. M\u00e4rz auf der Website von WPO abstimmen k\u00f6nnen (nach einer kostenlosen Registrierung).<\/p>\n<p>Eines der beiden Fotos der ungarischen Konkurrenten, Janos M. Schmidt, steht im Finale, man kann f\u00fcr sie stimmen <a href=\"http:\/\/worldphoto.org\/images\/image-gallery\/26686\/?page=2\" target=\"_blank\" rel=\"noopener\"><span style=\"color: #3366ff;\">Indem Sie hier klicken<\/span><\/a>. Der Gewinner wird von der f\u00fcnfk\u00f6pfigen Jury ermittelt, die Hauptbetrachtung ist jedoch die Anzahl der Stimmen (6. Es lohnt sich also, f\u00fcr die ungarischen Bilder zu stimmen.<\/p>\n<p>Die Finalistenfotos von Janos M. Schmidt:<a href=\"https:\/\/dailynewshungary.com\/wp-content\/uploads\/2015\/03\/asp_620_foto-cigiszun.jpg\" data-pswp-width=\"\" data-pswp-height=\"\" data-cropped=\"true\"><img loading=\"lazy\" decoding=\"async\" class=\" size-medium wp-image-15284 aligncenter\" src=\"https:\/\/dailynewshungary.com\/wp-content\/uploads\/2015\/03\/asp_620_foto-cigiszun-300x300.jpg\" alt=\"asp_620_foto-cigiszun\" width=\"300\" height=\"300\" srcset=\"https:\/\/contentf5.dailynewshungary.com\/wp-content\/uploads\/2015\/03\/asp_620_foto-cigiszun-300x300.jpg 300w, https:\/\/contentf5.dailynewshungary.com\/wp-content\/uploads\/2015\/03\/asp_620_foto-cigiszun-150x150.jpg 150w, https:\/\/contentf5.dailynewshungary.com\/wp-content\/uploads\/2015\/03\/asp_620_foto-cigiszun.jpg 620w\" sizes=\"auto, (max-width: 300px) 100vw, 300px\"><\/a><\/p>\n<p><a href=\"https:\/\/dailynewshungary.com\/wp-content\/uploads\/2015\/03\/asp_620_foto-nyugati.jpg\" data-pswp-width=\"\" data-pswp-height=\"\" data-cropped=\"true\"><img loading=\"lazy\" decoding=\"async\" class=\" size-medium wp-image-15285 aligncenter\" src=\"https:\/\/dailynewshungary.com\/wp-content\/uploads\/2015\/03\/asp_620_foto-nyugati-300x300.jpg\" alt=\"asp_620_foto-nyugati\" width=\"300\" height=\"300\" srcset=\"https:\/\/contentf5.dailynewshungary.com\/wp-content\/uploads\/2015\/03\/asp_620_foto-nyugati-300x300.jpg 300w, https:\/\/contentf5.dailynewshungary.com\/wp-content\/uploads\/2015\/03\/asp_620_foto-nyugati-150x150.jpg 150w, https:\/\/contentf5.dailynewshungary.com\/wp-content\/uploads\/2015\/03\/asp_620_foto-nyugati.jpg 620w\" sizes=\"auto, (max-width: 300px) 100vw, 300px\"><\/a><\/p>\n<p><em>basierend auf dem Artikel von szeretlekmagyarorszag.hu<\/em><br \/>\n<em>\u00fcbersetzt von<\/em><em> BA<\/em><\/p>\n<p><em>Fotos: szeretlekmagyarorszag.hu, Janos M. Schmidt<\/em><\/p>\n","protected":false},"excerpt":{"rendered":"<p>Der gro\u00df angelegte Wettbewerb wurde von der Weltfotografieorganisation mit Unterst\u00fctzung von Sony angek\u00fcndigt, sagt szeretlekmagyarorszag.hu. In dieser Kategorie k\u00f6nnen Sie nur mit Fotos eingeben, die mit dem Mobiltelefon gemacht wurden, maximal drei pro Teilnehmer. In einem Monat wurden mehr als 6 Tausend Fotos gesendet, f\u00fcr die Sie vom 10. M\u00e4rz bis 17. M\u00e4rz auf der [&hellip;]<\/p>\n","protected":false},"author":3,"featured_media":768982,"comment_status":"open","ping_status":"open","sticky":false,"template":"","format":"standard","meta":{"_acf_changed":false,"_display_image":"","footnotes":""},"categories":[1151],"tags":[1314],"class_list":["post-768981","post","type-post","status-publish","format-standard","has-post-thumbnail","hentry","category-kulturen","tag-kunst"],"blocksy_meta":[],"acf":[],"author_username":"becsi","telegram_post":"","public_post_metadata":{"breaking_news":"","important":"","csempe":"","center_tile":"","disable_thumbnail":"","target_lang":"","_featured_image_style":"","telegram_post":"","_xlat_group_id":""},"public_rank_math_data":{"title":"%title% %sep% %sitename%","description":"","focus_keyword":"","canonical_url":"","robots":"","primary_category":"1151","breadcrumb_title":"","facebook_title":"","facebook_description":"","facebook_image":"","facebook_image_id":"","twitter_title":"","twitter_description":"","twitter_image":"","twitter_image_id":"","twitter_card_type":"","twitter_use_facebook":"","advanced_robots":"","pillar_content":"","seo_score":"","contentai_score":"","rich_snippet":""},"_links":{"self":[{"href":"https:\/\/dailynewshungary.com\/de\/wp-json\/wp\/v2\/posts\/768981","targetHints":{"allow":["GET"]}}],"collection":[{"href":"https:\/\/dailynewshungary.com\/de\/wp-json\/wp\/v2\/posts"}],"about":[{"href":"https:\/\/dailynewshungary.com\/de\/wp-json\/wp\/v2\/types\/post"}],"author":[{"embeddable":true,"href":"https:\/\/dailynewshungary.com\/de\/wp-json\/wp\/v2\/users\/3"}],"replies":[{"embeddable":true,"href":"https:\/\/dailynewshungary.com\/de\/wp-json\/wp\/v2\/comments?post=768981"}],"version-history":[{"count":0,"href":"https:\/\/dailynewshungary.com\/de\/wp-json\/wp\/v2\/posts\/768981\/revisions"}],"wp:featuredmedia":[{"embeddable":true,"href":"https:\/\/dailynewshungary.com\/de\/wp-json\/wp\/v2\/media\/768982"}],"wp:attachment":[{"href":"https:\/\/dailynewshungary.com\/de\/wp-json\/wp\/v2\/media?parent=768981"}],"wp:term":[{"taxonomy":"category","embeddable":true,"href":"https:\/\/dailynewshungary.com\/de\/wp-json\/wp\/v2\/categories?post=768981"},{"taxonomy":"post_tag","embeddable":true,"href":"https:\/\/dailynewshungary.com\/de\/wp-json\/wp\/v2\/tags?post=768981"}],"curies":[{"name":"wp","href":"https:\/\/api.w.org\/{rel}","templated":true}]}}