{"id":768991,"date":"2015-03-15T22:39:00","date_gmt":"2015-03-15T21:39:00","guid":{"rendered":"https:\/\/dailynewshungary.com\/de\/15-marz-polizei-nimmt-einen-wegen-rupelhaften-verhaltens-bei-gedenkfeiern-fest\/"},"modified":"2015-03-15T22:39:00","modified_gmt":"2015-03-15T21:39:00","slug":"15-marz-polizei-nimmt-einen-wegen-rupelhaften-verhaltens-bei-gedenkfeiern-fest","status":"publish","type":"post","link":"https:\/\/dailynewshungary.com\/de\/15-marz-polizei-nimmt-einen-wegen-rupelhaften-verhaltens-bei-gedenkfeiern-fest\/","title":{"rendered":"15. M\u00e4rz \u2013 Polizei nimmt einen wegen r\u00fcpelhaften Verhaltens bei Gedenkfeiern fest"},"content":{"rendered":"<p><strong>Budapest, 15. M\u00e4rz (MTI) \u2013 Die nationale Polizei hat einen Mann wegen r\u00fcpelhaften Verhaltens w\u00e4hrend der offiziellen Feierlichkeiten zum Nationalfeiertag am 15. M\u00e4rz vor dem Nationalmuseum festgenommen.<\/strong><\/p>\n<p><a href=\"https:\/\/dailynewshungary.com\/wp-content\/uploads\/2015\/03\/demo1.jpeg\" data-pswp-width=\"\" data-pswp-height=\"\" data-cropped=\"true\"><img loading=\"lazy\" decoding=\"async\" class=\" size-full wp-image-15355 aligncenter\" src=\"https:\/\/dailynewshungary.com\/wp-content\/uploads\/2015\/03\/demo1.jpeg\" alt=\"Demo\" width=\"600\" height=\"399\" srcset=\"https:\/\/contentf5.dailynewshungary.com\/wp-content\/uploads\/2015\/03\/demo1.jpeg 600w, https:\/\/contentf5.dailynewshungary.com\/wp-content\/uploads\/2015\/03\/demo1-300x200.jpeg 300w\" sizes=\"auto, (max-width: 600px) 100vw, 600px\"><\/a><\/p>\n<p style=\"text-align: center;\"><a href=\"https:\/\/dailynewshungary.com\/wp-content\/uploads\/2015\/03\/temo1.jpeg\" data-pswp-width=\"\" data-pswp-height=\"\" data-cropped=\"true\"><img loading=\"lazy\" decoding=\"async\" class=\"alignnone size-full wp-image-15354\" src=\"https:\/\/dailynewshungary.com\/wp-content\/uploads\/2015\/03\/temo1.jpeg\" alt=\"Temo\" width=\"600\" height=\"399\" srcset=\"https:\/\/contentf5.dailynewshungary.com\/wp-content\/uploads\/2015\/03\/temo1.jpeg 600w, https:\/\/contentf5.dailynewshungary.com\/wp-content\/uploads\/2015\/03\/temo1-300x200.jpeg 300w\" sizes=\"auto, (max-width: 600px) 100vw, 600px\"><\/a><\/p>\n<p>Die Polizei lehnte es ab, weitere Details zu ver\u00f6ffentlichen, es wurde jedoch auch von einer Schl\u00e4gerei berichtet. Ein Mann erlitt eine Verletzung im Gesicht, w\u00e4hrend ein anderer gesehen wurde, wie er einen Journalisten angriff, der Videoaufnahmen der Feierlichkeiten machte.<\/p>\n<p><a href=\"https:\/\/dailynewshungary.com\/wp-content\/uploads\/2015\/03\/m\u00fazeumkert41.jpeg\" data-pswp-width=\"\" data-pswp-height=\"\" data-cropped=\"true\"><img loading=\"lazy\" decoding=\"async\" class=\" size-full wp-image-15356 aligncenter\" src=\"https:\/\/dailynewshungary.com\/wp-content\/uploads\/2015\/03\/m\u00fazeumkert41.jpeg\" alt=\"m\u00fazeumkert4\" width=\"600\" height=\"399\" srcset=\"https:\/\/contentf5.dailynewshungary.com\/wp-content\/uploads\/2015\/03\/m\u00fazeumkert41.jpeg 600w, https:\/\/contentf5.dailynewshungary.com\/wp-content\/uploads\/2015\/03\/m\u00fazeumkert41-300x200.jpeg 300w\" sizes=\"auto, (max-width: 600px) 100vw, 600px\"><\/a><\/p>\n<p>W\u00e4hrend Reden von Ministerpr\u00e4sident Viktor Orban und dem Budapester B\u00fcrgermeister Istvan Tarlos pfiffen einige in der Menge und skandierten regierungsfeindliche Parolen.<\/p>\n<p><em>Foto: MTI<\/em><\/p>\n","protected":false},"excerpt":{"rendered":"<p>Budapest, 15. M\u00e4rz (MTI) \u2013 Die nationale Polizei hat einen Mann wegen r\u00fcpelhaften Verhaltens w\u00e4hrend der offiziellen Feierlichkeiten zum Nationalfeiertag am 15. M\u00e4rz vor dem Nationalmuseum festgenommen. Die Polizei lehnte es ab, weitere Details zu ver\u00f6ffentlichen, es wurde jedoch auch von einer Schl\u00e4gerei berichtet. Ein Mann erlitt eine Verletzung im Gesicht, w\u00e4hrend ein anderer gesehen [&hellip;]<\/p>\n","protected":false},"author":2,"featured_media":768992,"comment_status":"open","ping_status":"open","sticky":false,"template":"","format":"standard","meta":{"_acf_changed":false,"_display_image":"","footnotes":""},"categories":[1081],"tags":[1266,1128],"class_list":["post-768991","post","type-post","status-publish","format-standard","has-post-thumbnail","hentry","category-politik","tag-demonstration","tag-viktor-orban"],"blocksy_meta":[],"acf":[],"author_username":"alk","telegram_post":"","public_post_metadata":{"breaking_news":"","important":"","csempe":"","center_tile":"","disable_thumbnail":"","target_lang":"","_featured_image_style":"","telegram_post":"","_xlat_group_id":""},"public_rank_math_data":{"title":"%title% %sep% %sitename%","description":"","focus_keyword":"","canonical_url":"","robots":"","primary_category":"1081","breadcrumb_title":"","facebook_title":"","facebook_description":"","facebook_image":"","facebook_image_id":"","twitter_title":"","twitter_description":"","twitter_image":"","twitter_image_id":"","twitter_card_type":"","twitter_use_facebook":"","advanced_robots":"","pillar_content":"","seo_score":"","contentai_score":"","rich_snippet":""},"_links":{"self":[{"href":"https:\/\/dailynewshungary.com\/de\/wp-json\/wp\/v2\/posts\/768991","targetHints":{"allow":["GET"]}}],"collection":[{"href":"https:\/\/dailynewshungary.com\/de\/wp-json\/wp\/v2\/posts"}],"about":[{"href":"https:\/\/dailynewshungary.com\/de\/wp-json\/wp\/v2\/types\/post"}],"author":[{"embeddable":true,"href":"https:\/\/dailynewshungary.com\/de\/wp-json\/wp\/v2\/users\/2"}],"replies":[{"embeddable":true,"href":"https:\/\/dailynewshungary.com\/de\/wp-json\/wp\/v2\/comments?post=768991"}],"version-history":[{"count":0,"href":"https:\/\/dailynewshungary.com\/de\/wp-json\/wp\/v2\/posts\/768991\/revisions"}],"wp:featuredmedia":[{"embeddable":true,"href":"https:\/\/dailynewshungary.com\/de\/wp-json\/wp\/v2\/media\/768992"}],"wp:attachment":[{"href":"https:\/\/dailynewshungary.com\/de\/wp-json\/wp\/v2\/media?parent=768991"}],"wp:term":[{"taxonomy":"category","embeddable":true,"href":"https:\/\/dailynewshungary.com\/de\/wp-json\/wp\/v2\/categories?post=768991"},{"taxonomy":"post_tag","embeddable":true,"href":"https:\/\/dailynewshungary.com\/de\/wp-json\/wp\/v2\/tags?post=768991"}],"curies":[{"name":"wp","href":"https:\/\/api.w.org\/{rel}","templated":true}]}}