{"id":768999,"date":"2015-03-15T13:22:24","date_gmt":"2015-03-15T12:22:24","guid":{"rendered":"https:\/\/dailynewshungary.com\/de\/15-marz-orban-freiheit-unabhangigkeit-leitsternefur-die-ungarn\/"},"modified":"2015-03-15T13:22:24","modified_gmt":"2015-03-15T12:22:24","slug":"15-marz-orban-freiheit-unabhangigkeit-leitsternefur-die-ungarn","status":"publish","type":"post","link":"https:\/\/dailynewshungary.com\/de\/15-marz-orban-freiheit-unabhangigkeit-leitsternefur-die-ungarn\/","title":{"rendered":"15. M\u00e4rz \u2013 Orban: Freiheit, Unabh\u00e4ngigkeit \u201eLeitsterne\u201cf\u00fcr die Ungarn"},"content":{"rendered":"<p><strong>Budapest, 15. M\u00e4rz (MTI) \u201eFreiheit und nationale Unabh\u00e4ngigkeit waren in der Geschichte Ungarns \u201ezweilei Leitsterne\u201csagte Ministerpr\u00e4sident Viktor Orban am Sonntag vor dem Budapester Nationalmuseum.<\/strong><\/p>\n<p><a href=\"https:\/\/dailynewshungary.com\/wp-content\/uploads\/2015\/03\/Download-31.jpg\" data-pswp-width=\"\" data-pswp-height=\"\" data-cropped=\"true\"><img loading=\"lazy\" decoding=\"async\" class=\" size-medium wp-image-15291 alignright\" src=\"https:\/\/dailynewshungary.com\/wp-content\/uploads\/2015\/03\/Download-31-200x300.jpg\" alt=\"Herunterladen (3)\" width=\"200\" height=\"300\" srcset=\"https:\/\/contentf5.dailynewshungary.com\/wp-content\/uploads\/2015\/03\/Download-31-200x300.jpg 200w, https:\/\/contentf5.dailynewshungary.com\/wp-content\/uploads\/2015\/03\/Download-31.jpg 399w\" sizes=\"auto, (max-width: 200px) 100vw, 200px\"><\/a>Bei offiziellen Feierlichkeiten zum Jahrestag der ungarischen Revolution von 1848 sagte der Premierminister, dass diese beiden Werte ein \u201cewiger Ma\u00dfstab\u201d f\u00fcr \u201calle Generationen von Ungarn sind, die gemessen werden m\u00fcssen\u201d.<\/p>\n<p>Orban sagte auch, dass der Ausbruch der Pestrevolution und der anschlie\u00dfende Freiheitskampf Ungarns am 15. M\u00e4rz 1848 ein \u201cheiliger Moment der Wiedergeburt des ungarischen Geistes\u201d gewesen sei.<\/p>\n<p>Mit Bezug auf die heutige Zeit sagte Orban, dass \u201ceine starke ungarische Nation ist in der Entstehung\u201d, und argumentierte, dass \u201cin den vergangenen 25 Jahren alle Ungarn verstehen konnten, dass wir entweder gemeinsam erfolgreich sein werden oder gar nicht\u201d. \u201cGemeinsam, oder auf keinen Fall, das war die Lehre der Revolution von 1848, auch\u201d sagte er.<\/p>\n<p>Orban bestand darauf, dass, obwohl seit der Revolution 167 Jahre vergangen seien, \u201cder Kampf um Souver\u00e4nit\u00e4t weitergeht, und wir uns nicht auf irgendjemanden au\u00dfer uns selbst verlassen k\u00f6nnen\u201d Freiheit bedeutet, dass jede Nation das unver\u00e4u\u00dferliche Recht hat, \u201cihren eigenen Weg zu gehen\u201d, sagte er und f\u00fcgte hinzu, dass \u201cdie Nation von Kossuth und Petofi nur \u00fcber Versuche lachen wird, uns Lektionen in Freiheit oder Demokratie zu erteilen\u201d.<\/p>\n<p>Zu einem anderen Thema sagte Orban, Ungarn sei ein Teil Europas, dessen Zukunft \u201cwir gemeinsam mit den anderen Nationen gestalten wollen\u201d \u201cEuropa ist jetzt voller Fragen und Ungarn voller Antworten\u201d, f\u00fcgte der Premierminister hinzu.<\/p>\n<p><em>Foto: MTI<\/em><\/p>\n","protected":false},"excerpt":{"rendered":"<p>Budapest, 15. M\u00e4rz (MTI) \u201eFreiheit und nationale Unabh\u00e4ngigkeit waren in der Geschichte Ungarns \u201ezweilei Leitsterne\u201csagte Ministerpr\u00e4sident Viktor Orban am Sonntag vor dem Budapester Nationalmuseum. Bei offiziellen Feierlichkeiten zum Jahrestag der ungarischen Revolution von 1848 sagte der Premierminister, dass diese beiden Werte ein \u201cewiger Ma\u00dfstab\u201d f\u00fcr \u201calle Generationen von Ungarn sind, die gemessen werden m\u00fcssen\u201d. Orban [&hellip;]<\/p>\n","protected":false},"author":2,"featured_media":769000,"comment_status":"open","ping_status":"open","sticky":false,"template":"","format":"standard","meta":{"_acf_changed":false,"_display_image":"","footnotes":""},"categories":[1081],"tags":[1128],"class_list":["post-768999","post","type-post","status-publish","format-standard","has-post-thumbnail","hentry","category-politik","tag-viktor-orban"],"blocksy_meta":[],"acf":[],"author_username":"alk","telegram_post":"","public_post_metadata":{"breaking_news":"","important":"","csempe":"","center_tile":"","disable_thumbnail":"","target_lang":"","_featured_image_style":"","telegram_post":"","_xlat_group_id":""},"public_rank_math_data":{"title":"%title% %sep% %sitename%","description":"","focus_keyword":"","canonical_url":"","robots":"","primary_category":"1081","breadcrumb_title":"","facebook_title":"","facebook_description":"","facebook_image":"","facebook_image_id":"","twitter_title":"","twitter_description":"","twitter_image":"","twitter_image_id":"","twitter_card_type":"","twitter_use_facebook":"","advanced_robots":"","pillar_content":"","seo_score":"","contentai_score":"","rich_snippet":""},"_links":{"self":[{"href":"https:\/\/dailynewshungary.com\/de\/wp-json\/wp\/v2\/posts\/768999","targetHints":{"allow":["GET"]}}],"collection":[{"href":"https:\/\/dailynewshungary.com\/de\/wp-json\/wp\/v2\/posts"}],"about":[{"href":"https:\/\/dailynewshungary.com\/de\/wp-json\/wp\/v2\/types\/post"}],"author":[{"embeddable":true,"href":"https:\/\/dailynewshungary.com\/de\/wp-json\/wp\/v2\/users\/2"}],"replies":[{"embeddable":true,"href":"https:\/\/dailynewshungary.com\/de\/wp-json\/wp\/v2\/comments?post=768999"}],"version-history":[{"count":0,"href":"https:\/\/dailynewshungary.com\/de\/wp-json\/wp\/v2\/posts\/768999\/revisions"}],"wp:featuredmedia":[{"embeddable":true,"href":"https:\/\/dailynewshungary.com\/de\/wp-json\/wp\/v2\/media\/769000"}],"wp:attachment":[{"href":"https:\/\/dailynewshungary.com\/de\/wp-json\/wp\/v2\/media?parent=768999"}],"wp:term":[{"taxonomy":"category","embeddable":true,"href":"https:\/\/dailynewshungary.com\/de\/wp-json\/wp\/v2\/categories?post=768999"},{"taxonomy":"post_tag","embeddable":true,"href":"https:\/\/dailynewshungary.com\/de\/wp-json\/wp\/v2\/tags?post=768999"}],"curies":[{"name":"wp","href":"https:\/\/api.w.org\/{rel}","templated":true}]}}