{"id":769017,"date":"2015-03-13T16:00:29","date_gmt":"2015-03-13T15:00:29","guid":{"rendered":"https:\/\/dailynewshungary.com\/de\/prasentation-von-bussen-die-von-ungarn-im-budaer-schloss-hergestellt-und-entwickelt-wurden\/"},"modified":"2015-03-13T16:00:29","modified_gmt":"2015-03-13T15:00:29","slug":"prasentation-von-bussen-die-von-ungarn-im-budaer-schloss-hergestellt-und-entwickelt-wurden","status":"publish","type":"post","link":"https:\/\/dailynewshungary.com\/de\/prasentation-von-bussen-die-von-ungarn-im-budaer-schloss-hergestellt-und-entwickelt-wurden\/","title":{"rendered":"Pr\u00e4sentation von Bussen, die von Ungarn im Budaer Schloss hergestellt und entwickelt wurden"},"content":{"rendered":"<p><strong>(MTI) \u2013 Ziel ist es, dass Ungarn zum f\u00fchrenden Land Mitteleuropas im Bereich der Nutzung von Elektrobussen und der Elektromobilit\u00e4t wird. \u201eMihaly Varga, Ministerin f\u00fcr Volkswirtschaft, sagte am Montag in Budapest.<\/strong><\/p>\n<p><img loading=\"lazy\" decoding=\"async\" class=\" size-medium wp-image-15248 alignright\" src=\"https:\/\/dailynewshungary.com\/wp-content\/uploads\/2015\/03\/varga-mih\u00e1ly-busz-300x201.jpg\" alt=\"Varga Mih\u00e1ly Busz\" width=\"300\" height=\"201\" srcset=\"https:\/\/contentf5.dailynewshungary.com\/wp-content\/uploads\/2015\/03\/varga-mih\u00e1ly-busz-300x200.jpg 300w, https:\/\/contentf5.dailynewshungary.com\/wp-content\/uploads\/2015\/03\/varga-mih\u00e1ly-busz.jpg 600w\" sizes=\"auto, (max-width: 300px) 100vw, 300px\">Der Minister sagte zum Ministerpr\u00e4sidenten des in Ungarn entwickelten und produzierten Elektrobusses von Evopro im Schloss Buda, dass die Internationale Energieagentur bis 2050 prognostiziert, dass 70 Prozent der neu verkauften Autos Elektro-, Hybrid- oder Plug-in-Hybrid sein werden, was eine gro\u00dfe Herausforderung darstellt Es ist ein nationales wirtschaftliches Interesse Ungarns, sich so weit wie m\u00f6glich an dieser Entwicklung beteiligen zu k\u00f6nnen, f\u00fcr die technologische Innovationen notwendig sind <strong>\u2013 \u2013 <\/strong>Er sagte.<\/p>\n<p>Daf\u00fcr sei alles gegeben, erkl\u00e4rte der MinisterDie Planung und der Cluster von Anyos Jedlik dienen ebenfalls diesem Ziel, bei dem unter anderem innovative, wettbewerbsf\u00e4hige ungarische Fahrzeuge hergestellt werden k\u00f6nnen, die ungarische Fahrzeugproduktion jedoch nicht hinter dem Weltstandard zur\u00fcckbleibt, sagte der Minister.<\/p>\n<p>Laut MTI sagte Mihaly Varga auch, dass die Regierung im Zusammenhang mit dem Anyos-Jedlik-Plan die Verbreitung der Elektromobilit\u00e4t auch durch Gesetzes\u00e4nderungen unterst\u00fctzen m\u00f6chte. Unter anderem durch die Schaffung der Verfahren f\u00fcr den Einbau von Ladeger\u00e4ten, durch die \u00dcberpr\u00fcfung und \u00c4nderung des Elektrizit\u00e4tsgesetzes, durch die Einf\u00fchrung eines gr\u00fcnen Nummernschilds f\u00fcr Hybrid- und Elektrofahrzeuge, die Einf\u00fchrung von Park- und Stra\u00dfenbenutzungsgeb\u00fchren und die Erlaubnis zur Nutzung der Busspur.<\/p>\n<p>Tibor Bolla, CEO des BKV, wies bei der Er\u00f6ffnungsfeier des Testprogramms des Busses darauf hin, dass vor hundert Jahren, im M\u00e4rz 1915, ein Batteriebus der erste war, der planm\u00e4\u00dfig in Budapest betrieben wurdeWir haben gerade zur\u00fcckbekommen, dass Elektrobusse wieder betrieben werden k\u00f6nnen (f\u00fcgte er hinzu.<\/p>\n<p>Csaba Meszaros, Chef der Evopro-Gruppe, sagte, der Elektrobus Modulo k\u00f6nne ohne die Konjunkturpolitik der Regierung nicht auf dem Szentharomsag-Platz (Dreieinigkeitsplatz) stehen. Dar\u00fcber hinaus dankte er dem 1<sup>St<\/sup> Bezirk, dass das Gebiet das Ziel des elektrischen Transports festgelegt hat.<\/p>\n<p>Entworfen, entwickelt und hergestellt von den ungarischen Ingenieuren, Medio Electric, das ist der elektrische Prototyp der Modulo-Busfamilie, ist ultraleicht, zusammengesetzt strukturiert und hat etwa 57% ungarischen Anteil Der emissionsfreie Bus ist 8 Meter lang und kann 65 Passagiere bef\u00f6rdern.<\/p>\n<p><em>Basierend auf dem Artikel von MTI<br \/>\n\u00dcbersetzt von B.A<\/em><\/p>\n<p><em>Fotos: MTI<\/em><\/p>\n","protected":false},"excerpt":{"rendered":"<p>(MTI) \u2013 Ziel ist es, dass Ungarn zum f\u00fchrenden Land Mitteleuropas im Bereich der Nutzung von Elektrobussen und der Elektromobilit\u00e4t wird. \u201eMihaly Varga, Ministerin f\u00fcr Volkswirtschaft, sagte am Montag in Budapest. Der Minister sagte zum Ministerpr\u00e4sidenten des in Ungarn entwickelten und produzierten Elektrobusses von Evopro im Schloss Buda, dass die Internationale Energieagentur bis 2050 prognostiziert, [&hellip;]<\/p>\n","protected":false},"author":3,"featured_media":769018,"comment_status":"open","ping_status":"open","sticky":false,"template":"","format":"standard","meta":{"_acf_changed":false,"_display_image":"","footnotes":""},"categories":[1281],"tags":[1111,1297],"class_list":["post-769017","post","type-post","status-publish","format-standard","has-post-thumbnail","hentry","category-geschaft","tag-budapest","tag-transport"],"blocksy_meta":[],"acf":[],"author_username":"becsi","telegram_post":"","public_post_metadata":{"breaking_news":"","important":"","csempe":"","center_tile":"","disable_thumbnail":"","target_lang":"","_featured_image_style":"","telegram_post":"","_xlat_group_id":""},"public_rank_math_data":{"title":"%title% %sep% %sitename%","description":"","focus_keyword":"","canonical_url":"","robots":"","primary_category":"1281","breadcrumb_title":"","facebook_title":"","facebook_description":"","facebook_image":"","facebook_image_id":"","twitter_title":"","twitter_description":"","twitter_image":"","twitter_image_id":"","twitter_card_type":"","twitter_use_facebook":"","advanced_robots":"","pillar_content":"","seo_score":"","contentai_score":"","rich_snippet":""},"_links":{"self":[{"href":"https:\/\/dailynewshungary.com\/de\/wp-json\/wp\/v2\/posts\/769017","targetHints":{"allow":["GET"]}}],"collection":[{"href":"https:\/\/dailynewshungary.com\/de\/wp-json\/wp\/v2\/posts"}],"about":[{"href":"https:\/\/dailynewshungary.com\/de\/wp-json\/wp\/v2\/types\/post"}],"author":[{"embeddable":true,"href":"https:\/\/dailynewshungary.com\/de\/wp-json\/wp\/v2\/users\/3"}],"replies":[{"embeddable":true,"href":"https:\/\/dailynewshungary.com\/de\/wp-json\/wp\/v2\/comments?post=769017"}],"version-history":[{"count":0,"href":"https:\/\/dailynewshungary.com\/de\/wp-json\/wp\/v2\/posts\/769017\/revisions"}],"wp:featuredmedia":[{"embeddable":true,"href":"https:\/\/dailynewshungary.com\/de\/wp-json\/wp\/v2\/media\/769018"}],"wp:attachment":[{"href":"https:\/\/dailynewshungary.com\/de\/wp-json\/wp\/v2\/media?parent=769017"}],"wp:term":[{"taxonomy":"category","embeddable":true,"href":"https:\/\/dailynewshungary.com\/de\/wp-json\/wp\/v2\/categories?post=769017"},{"taxonomy":"post_tag","embeddable":true,"href":"https:\/\/dailynewshungary.com\/de\/wp-json\/wp\/v2\/tags?post=769017"}],"curies":[{"name":"wp","href":"https:\/\/api.w.org\/{rel}","templated":true}]}}