{"id":769076,"date":"2015-03-09T21:38:43","date_gmt":"2015-03-09T20:38:43","guid":{"rendered":"https:\/\/dailynewshungary.com\/de\/regierung-unterzeichnet-strategischen-pakt-mit-dem-japanischen-kohlefaserhersteller-zoltek\/"},"modified":"2015-03-09T21:38:43","modified_gmt":"2015-03-09T20:38:43","slug":"regierung-unterzeichnet-strategischen-pakt-mit-dem-japanischen-kohlefaserhersteller-zoltek","status":"publish","type":"post","link":"https:\/\/dailynewshungary.com\/de\/regierung-unterzeichnet-strategischen-pakt-mit-dem-japanischen-kohlefaserhersteller-zoltek\/","title":{"rendered":"Regierung unterzeichnet strategischen Pakt mit dem japanischen Kohlefaserhersteller Zoltek"},"content":{"rendered":"<p><strong>Budapest, 9. M\u00e4rz (MTI) Der japanische Kohlefaserhersteller Zoltek unterzeichnete am Montag eine strategische Zusammenarbeit mit der ungarischen Regierung.<\/strong><\/p>\n<p>Das Abkommen war das 56. in einer Reihe \u00e4hnlicher Abkommen, die die Regierung seit Sommer 2012 unterzeichnet hatte.<\/p>\n<p>Das Zoltek-Werk in Nyergesujfalu im Norden Ungarns ist die gr\u00f6\u00dfte Kohlefaserfabrik der Welt.<\/p>\n<p>Das Unternehmen plant, die Kapazit\u00e4t an der Basis zu erweitern und die Mitarbeiterzahl um 100 zu erh\u00f6hen. Derzeit laufen Gespr\u00e4che \u00fcber 200-300 weitere Neueinstellungen in den n\u00e4chsten 2-3 Jahren, sagte Au\u00dfenminister Peter Szijjarto nach der Unterzeichnung.<\/p>\n<p><em>Foto: <span class=\"_r3\"><a class=\"_ZR irc_hol\" href=\"http:\/\/www.profession.hu\/allas\/termelesi-mernok-zoltek-zrt-nyergesujfalu-693103\" data-ved=\"0CAYQjB0\" target=\"_blank\" rel=\"noopener\"><span class=\"irc_ho\" dir=\"ltr\">www.profession.hu<\/span><\/a><\/span><\/em><\/p>\n","protected":false},"excerpt":{"rendered":"<p>Budapest, 9. M\u00e4rz (MTI) Der japanische Kohlefaserhersteller Zoltek unterzeichnete am Montag eine strategische Zusammenarbeit mit der ungarischen Regierung. Das Abkommen war das 56. in einer Reihe \u00e4hnlicher Abkommen, die die Regierung seit Sommer 2012 unterzeichnet hatte. Das Zoltek-Werk in Nyergesujfalu im Norden Ungarns ist die gr\u00f6\u00dfte Kohlefaserfabrik der Welt. Das Unternehmen plant, die Kapazit\u00e4t an [&hellip;]<\/p>\n","protected":false},"author":2,"featured_media":769077,"comment_status":"open","ping_status":"open","sticky":false,"template":"","format":"standard","meta":{"_acf_changed":false,"_display_image":"","footnotes":""},"categories":[1281],"tags":[1066],"class_list":["post-769076","post","type-post","status-publish","format-standard","has-post-thumbnail","hentry","category-geschaft","tag-hungary"],"blocksy_meta":[],"acf":[],"author_username":"alk","telegram_post":"","public_post_metadata":{"breaking_news":"","important":"","csempe":"","center_tile":"","disable_thumbnail":"","target_lang":"","_featured_image_style":"","telegram_post":"","_xlat_group_id":""},"public_rank_math_data":{"title":"%title% %sep% %sitename%","description":"","focus_keyword":"","canonical_url":"","robots":"","primary_category":"1281","breadcrumb_title":"","facebook_title":"","facebook_description":"","facebook_image":"","facebook_image_id":"","twitter_title":"","twitter_description":"","twitter_image":"","twitter_image_id":"","twitter_card_type":"","twitter_use_facebook":"","advanced_robots":"","pillar_content":"","seo_score":"","contentai_score":"","rich_snippet":""},"_links":{"self":[{"href":"https:\/\/dailynewshungary.com\/de\/wp-json\/wp\/v2\/posts\/769076","targetHints":{"allow":["GET"]}}],"collection":[{"href":"https:\/\/dailynewshungary.com\/de\/wp-json\/wp\/v2\/posts"}],"about":[{"href":"https:\/\/dailynewshungary.com\/de\/wp-json\/wp\/v2\/types\/post"}],"author":[{"embeddable":true,"href":"https:\/\/dailynewshungary.com\/de\/wp-json\/wp\/v2\/users\/2"}],"replies":[{"embeddable":true,"href":"https:\/\/dailynewshungary.com\/de\/wp-json\/wp\/v2\/comments?post=769076"}],"version-history":[{"count":0,"href":"https:\/\/dailynewshungary.com\/de\/wp-json\/wp\/v2\/posts\/769076\/revisions"}],"wp:featuredmedia":[{"embeddable":true,"href":"https:\/\/dailynewshungary.com\/de\/wp-json\/wp\/v2\/media\/769077"}],"wp:attachment":[{"href":"https:\/\/dailynewshungary.com\/de\/wp-json\/wp\/v2\/media?parent=769076"}],"wp:term":[{"taxonomy":"category","embeddable":true,"href":"https:\/\/dailynewshungary.com\/de\/wp-json\/wp\/v2\/categories?post=769076"},{"taxonomy":"post_tag","embeddable":true,"href":"https:\/\/dailynewshungary.com\/de\/wp-json\/wp\/v2\/tags?post=769076"}],"curies":[{"name":"wp","href":"https:\/\/api.w.org\/{rel}","templated":true}]}}