{"id":769124,"date":"2015-03-06T18:00:49","date_gmt":"2015-03-06T17:00:49","guid":{"rendered":"https:\/\/dailynewshungary.com\/de\/ungarn-erhalt-us-anfrage-fur-einen-beitrag-im-kampf-gegen-den-islamischen-staat\/"},"modified":"2015-03-06T18:00:49","modified_gmt":"2015-03-06T17:00:49","slug":"ungarn-erhalt-us-anfrage-fur-einen-beitrag-im-kampf-gegen-den-islamischen-staat","status":"publish","type":"post","link":"https:\/\/dailynewshungary.com\/de\/ungarn-erhalt-us-anfrage-fur-einen-beitrag-im-kampf-gegen-den-islamischen-staat\/","title":{"rendered":"Ungarn erh\u00e4lt US-Anfrage f\u00fcr einen Beitrag im Kampf gegen den Islamischen Staat"},"content":{"rendered":"<p><strong>Budapest, 6. M\u00e4rz (MTI) \u201eUngarn hat am Donnerstag die formelle Anfrage der Vereinigten Staaten erhalten, ihren Beitrag zur internationalen Koalition im Kampf gegen den Islamischen Staat zu erh\u00f6hen, sagte der Au\u00dfenminister am Freitagmorgen gegen\u00fcber dem kommerziellen TV2.<\/strong><\/p>\n<p>Der Islamische Staat stelle eine direkte Bedrohung f\u00fcr die Sicherheit Europas dar und habe einen harten Angriff gegen seine Werte ver\u00fcbt, die Ungarn sehr respektiere, sagte Peter Szijjarto dem Programm.<\/p>\n<p>Der Kampf gegen den Islamischen Staat sei daher eine gemeinsame Aufgabe der westlichen Koalition unter F\u00fchrung der Vereinigten Staaten, sagte er und f\u00fcgte hinzu, dass Ungarn sein M\u00f6glichstes tun m\u00fcsse, um sicherzustellen, dass so bald wie m\u00f6glich eine Entscheidung \u00fcber die Bereitstellung von 100-150 Soldaten getroffen werde Dazu sei eine Zustimmung der Zweidrittelmehrheit durch das Parlament erforderlich, f\u00fcgte er hinzu.<\/p>\n<p>Szijjarto sagte, er habe f\u00fcr Montag ein Treffen von Vertretern des Au\u00dfen-, Innen- und Verteidigungsministeriums sowie des Antiterror- und Informationsb\u00fcros einberufen.<\/p>\n<p>F\u00fcr Dienstag sagte Szijjarto, er habe ein Treffen aller Parlamentsparteien einberufen, um zu besprechen, ob Ungarn die milit\u00e4rische Beteiligung an der internationalen Koalition verst\u00e4rken kann oder will, wie von den Vereinigten Staaten gefordert.<\/p>\n<p>Ungarn geh\u00f6re zu einer westlichen Wertegemeinschaft und diese gebiete Pflichten, sagte SzijjartoDie ungarischen Truppen m\u00fcssten Sicherheitsaufgaben in einem der vom Westen gef\u00fchrten Trainingslager f\u00fcr lokale Truppen in der stabilen, n\u00f6rdlichen Region des Irak erf\u00fcllen, f\u00fcgte er hinzu.<\/p>\n","protected":false},"excerpt":{"rendered":"<p>Budapest, 6. M\u00e4rz (MTI) \u201eUngarn hat am Donnerstag die formelle Anfrage der Vereinigten Staaten erhalten, ihren Beitrag zur internationalen Koalition im Kampf gegen den Islamischen Staat zu erh\u00f6hen, sagte der Au\u00dfenminister am Freitagmorgen gegen\u00fcber dem kommerziellen TV2. Der Islamische Staat stelle eine direkte Bedrohung f\u00fcr die Sicherheit Europas dar und habe einen harten Angriff gegen [&hellip;]<\/p>\n","protected":false},"author":2,"featured_media":769125,"comment_status":"open","ping_status":"open","sticky":false,"template":"","format":"standard","meta":{"_acf_changed":false,"_display_image":"","footnotes":""},"categories":[1081],"tags":[1203,1157],"class_list":["post-769124","post","type-post","status-publish","format-standard","has-post-thumbnail","hentry","category-politik","tag-armee","tag-vereinigte-staaten"],"blocksy_meta":[],"acf":[],"author_username":"alk","telegram_post":"","public_post_metadata":{"breaking_news":"","important":"","csempe":"","center_tile":"","disable_thumbnail":"","target_lang":"","_featured_image_style":"","telegram_post":"","_xlat_group_id":""},"public_rank_math_data":{"title":"%title% %sep% %sitename%","description":"","focus_keyword":"","canonical_url":"","robots":"","primary_category":"1081","breadcrumb_title":"","facebook_title":"","facebook_description":"","facebook_image":"","facebook_image_id":"","twitter_title":"","twitter_description":"","twitter_image":"","twitter_image_id":"","twitter_card_type":"","twitter_use_facebook":"","advanced_robots":"","pillar_content":"","seo_score":"","contentai_score":"","rich_snippet":""},"_links":{"self":[{"href":"https:\/\/dailynewshungary.com\/de\/wp-json\/wp\/v2\/posts\/769124","targetHints":{"allow":["GET"]}}],"collection":[{"href":"https:\/\/dailynewshungary.com\/de\/wp-json\/wp\/v2\/posts"}],"about":[{"href":"https:\/\/dailynewshungary.com\/de\/wp-json\/wp\/v2\/types\/post"}],"author":[{"embeddable":true,"href":"https:\/\/dailynewshungary.com\/de\/wp-json\/wp\/v2\/users\/2"}],"replies":[{"embeddable":true,"href":"https:\/\/dailynewshungary.com\/de\/wp-json\/wp\/v2\/comments?post=769124"}],"version-history":[{"count":0,"href":"https:\/\/dailynewshungary.com\/de\/wp-json\/wp\/v2\/posts\/769124\/revisions"}],"wp:featuredmedia":[{"embeddable":true,"href":"https:\/\/dailynewshungary.com\/de\/wp-json\/wp\/v2\/media\/769125"}],"wp:attachment":[{"href":"https:\/\/dailynewshungary.com\/de\/wp-json\/wp\/v2\/media?parent=769124"}],"wp:term":[{"taxonomy":"category","embeddable":true,"href":"https:\/\/dailynewshungary.com\/de\/wp-json\/wp\/v2\/categories?post=769124"},{"taxonomy":"post_tag","embeddable":true,"href":"https:\/\/dailynewshungary.com\/de\/wp-json\/wp\/v2\/tags?post=769124"}],"curies":[{"name":"wp","href":"https:\/\/api.w.org\/{rel}","templated":true}]}}