{"id":769136,"date":"2015-03-06T10:00:55","date_gmt":"2015-03-06T09:00:55","guid":{"rendered":"https:\/\/dailynewshungary.com\/de\/orban-verspricht-gerade-klare-antworten\/"},"modified":"2015-03-06T10:00:55","modified_gmt":"2015-03-06T09:00:55","slug":"orban-verspricht-gerade-klare-antworten","status":"publish","type":"post","link":"https:\/\/dailynewshungary.com\/de\/orban-verspricht-gerade-klare-antworten\/","title":{"rendered":"Orban verspricht \u201cgerade, klare\u201d Antworten"},"content":{"rendered":"<p><strong>Budapest, 6. M\u00e4rz (MTI) \u201eAu\u00dferdem erwarten die ungarischen W\u00e4hler \u201egerade und klare\u201cAntworten auf \u201ejeden Angriff\u201d, der sich gegen die Regierung richtet, sagte Premierminister Viktor Orban am Freitagmorgen im \u00f6ffentlichen Kossuth-Radio.<\/strong><\/p>\n<p>Orban sagte, er glaube, dass es im aktuellen Regierungszyklus \u201eviel mehr\u201cpolitische K\u00e4mpfe geben werde als in der vorherigen Amtszeit, und deutete an, dass er bereit sei, diese K\u00e4mpfe zu f\u00fchren.<\/p>\n<p>Zu einer k\u00fcrzlichen Nachwahl im westungarischen Veszprem sagte Orban, dass ein Teil der W\u00e4hlerschaft mit der Regierung unzufrieden sei, f\u00fcgte aber hinzu, dass nicht klar sei, warum \u201cSie wollen wahrscheinlich mehr Konsultationen, eine langsamere Entscheidungsfindung\u201d, sagte er und f\u00fcgte hinzu, dass \u201cwir besser k\u00e4mpfen m\u00fcssen\u201d Er f\u00fcgte au\u00dferdem hinzu, dass die Regierung ihre Arbeit ohne eine Zweidrittelmehrheit weiterf\u00fchren kann, die die Regierungsparteien bei der Veszprem-Wahl verloren haben, sich aber bei Bedarf mit der Opposition beraten werden. Er erw\u00e4hnte beispielsweise die m\u00f6gliche Teilnahme Ungarns an einer Milit\u00e4rmission in Kurdistan \u201cEs wird in den n\u00e4chsten Tagen auslaufen, wenn wir eine Zweidrittelmehrheit sicherstellen k\u00f6nnen\u201d, sagte er f\u00fcr notwendig, um den von der Regierung initiierten Antrag zu verabschieden.<\/p>\n<p>Zum Thema eines j\u00fcngsten Betrugsskandals um die Maklerfirma Buda-Cash forderte der Premierminister dringende Pr\u00fcfungen bei \u00e4hnlichen Unternehmen, \u201cum dieses Durcheinander zu beseitigen\u201d Die Regierung befinde sich in Konsultationen mit dem Bankenverband und der Zentralbank \u00fcber \u00c4nderungen zur Versch\u00e4rfung einschl\u00e4giger Regeln, sagte erEr warnte, dass \u201cdie wichtigste Frage, wo sind die Gelder der Einleger, nicht vergessen werden d\u00fcrfe\u201d.<\/p>\n<p>\u201cWenn ich die Kontrolle \u00fcber die Justiz h\u00e4tte, w\u00e4ren all diese (T\u00e4ter) inzwischen bereits im Gef\u00e4ngnis\u201d, sagte Orban, f\u00fcgte aber hinzu, dass die Regierung dem Justizsystem keine Anweisungen geben k\u00f6nne.<\/p>\n<p>Orban bezog sich auf die von der Buda-Cash-Aff\u00e4re betroffenen Kommunalverwaltungen und sagte, es w\u00e4re vern\u00fcnftig, wenn die Kommunen ihre Konten bei der Staatskasse h\u00e4tten, und forderte Anstrengungen zur Beschleunigung der Finanzreform.<\/p>\n<p>Zu einem anderen Thema sagte Orban, dass der Wirtschaftsausschuss des Parlaments \u00c4nderungen an der Werbesteuer er\u00f6rtert habe, wie von der Europ\u00e4ischen Union vorgeschlagen, und f\u00fcgte hinzu, dass \u201edie Kugel im Fass ist\u201cOrban verwies auch auf die M\u00f6glichkeit, kleine Unternehmen von der Werbesteuer zu befreien, und nannte dies einen \u201eernsthaften Vorschlag\u201d, bestand jedoch darauf, dass die Praxis, eine ansonsten angemessene Steuer aufgrund starken Widerstands abzuschaffen, nicht zugelassen werden sollte oder dass die Einnahmen von weniger widerstandsf\u00e4higen Ungarn eingezogen werden sollten.<\/p>\n<p>Konsultationen \u00fcber \u00c4nderungen am Grundschulsystem seien noch im Gange, sagte Orban. Er bestand darauf, dass eine Reform notwendig sei, weil \u201eeine gro\u00dfe Zahl von Kindern die (Grund-)Schule unvorbereitet auf ein weiterf\u00fchrendes Schulstudium verl\u00e4sst\u201c\u201d.<\/p>\n<p>Bez\u00fcglich des geplanten Freihandelsabkommens zwischen den Vereinigten Staaten und der Europ\u00e4ischen Union sagte Orban, er werde kein Abkommen unterst\u00fctzen, nach dem Wirtschaftsstreitigkeiten \u201ean ein entferntes Schiedsgericht verwiesen\u201cwerden und nicht durch das ungarische Rechtssystem geregelt w\u00fcrden.<\/p>\n<p><em>Foto: MTI<\/em><\/p>\n","protected":false},"excerpt":{"rendered":"<p>Budapest, 6. M\u00e4rz (MTI) \u201eAu\u00dferdem erwarten die ungarischen W\u00e4hler \u201egerade und klare\u201cAntworten auf \u201ejeden Angriff\u201d, der sich gegen die Regierung richtet, sagte Premierminister Viktor Orban am Freitagmorgen im \u00f6ffentlichen Kossuth-Radio. Orban sagte, er glaube, dass es im aktuellen Regierungszyklus \u201eviel mehr\u201cpolitische K\u00e4mpfe geben werde als in der vorherigen Amtszeit, und deutete an, dass er bereit [&hellip;]<\/p>\n","protected":false},"author":2,"featured_media":769137,"comment_status":"open","ping_status":"open","sticky":false,"template":"","format":"standard","meta":{"_acf_changed":false,"_display_image":"","footnotes":""},"categories":[1081],"tags":[1128],"class_list":["post-769136","post","type-post","status-publish","format-standard","has-post-thumbnail","hentry","category-politik","tag-viktor-orban"],"blocksy_meta":[],"acf":[],"author_username":"alk","telegram_post":"","public_post_metadata":{"breaking_news":"","important":"","csempe":"","center_tile":"","disable_thumbnail":"","target_lang":"","_featured_image_style":"","telegram_post":"","_xlat_group_id":""},"public_rank_math_data":{"title":"%title% %sep% %sitename%","description":"","focus_keyword":"","canonical_url":"","robots":"","primary_category":"1081","breadcrumb_title":"","facebook_title":"","facebook_description":"","facebook_image":"","facebook_image_id":"","twitter_title":"","twitter_description":"","twitter_image":"","twitter_image_id":"","twitter_card_type":"","twitter_use_facebook":"","advanced_robots":"","pillar_content":"","seo_score":"","contentai_score":"","rich_snippet":""},"_links":{"self":[{"href":"https:\/\/dailynewshungary.com\/de\/wp-json\/wp\/v2\/posts\/769136","targetHints":{"allow":["GET"]}}],"collection":[{"href":"https:\/\/dailynewshungary.com\/de\/wp-json\/wp\/v2\/posts"}],"about":[{"href":"https:\/\/dailynewshungary.com\/de\/wp-json\/wp\/v2\/types\/post"}],"author":[{"embeddable":true,"href":"https:\/\/dailynewshungary.com\/de\/wp-json\/wp\/v2\/users\/2"}],"replies":[{"embeddable":true,"href":"https:\/\/dailynewshungary.com\/de\/wp-json\/wp\/v2\/comments?post=769136"}],"version-history":[{"count":0,"href":"https:\/\/dailynewshungary.com\/de\/wp-json\/wp\/v2\/posts\/769136\/revisions"}],"wp:featuredmedia":[{"embeddable":true,"href":"https:\/\/dailynewshungary.com\/de\/wp-json\/wp\/v2\/media\/769137"}],"wp:attachment":[{"href":"https:\/\/dailynewshungary.com\/de\/wp-json\/wp\/v2\/media?parent=769136"}],"wp:term":[{"taxonomy":"category","embeddable":true,"href":"https:\/\/dailynewshungary.com\/de\/wp-json\/wp\/v2\/categories?post=769136"},{"taxonomy":"post_tag","embeddable":true,"href":"https:\/\/dailynewshungary.com\/de\/wp-json\/wp\/v2\/tags?post=769136"}],"curies":[{"name":"wp","href":"https:\/\/api.w.org\/{rel}","templated":true}]}}