{"id":769148,"date":"2015-03-04T22:06:17","date_gmt":"2015-03-04T21:06:17","guid":{"rendered":"https:\/\/dailynewshungary.com\/de\/jobbik-fordert-geld-fur-den-ausbau-der-eigenen-verteidigung-ungarns-anstelle-von-nato-missionen\/"},"modified":"2015-03-04T22:06:17","modified_gmt":"2015-03-04T21:06:17","slug":"jobbik-fordert-geld-fur-den-ausbau-der-eigenen-verteidigung-ungarns-anstelle-von-nato-missionen","status":"publish","type":"post","link":"https:\/\/dailynewshungary.com\/de\/jobbik-fordert-geld-fur-den-ausbau-der-eigenen-verteidigung-ungarns-anstelle-von-nato-missionen\/","title":{"rendered":"Jobbik fordert Geld f\u00fcr den Ausbau der eigenen Verteidigung Ungarns anstelle von NATO-Missionen"},"content":{"rendered":"<div class=\"titleNews\"><strong>Budapest, 4. M\u00e4rz (MTI) \u201eUngarn investiert knappe Ressourcen in die Erf\u00fcllung von NATO-Missionen im Ausland, um \u201egute Jungs\u201cinnerhalb des B\u00fcndnisses zu sein, sagte der radikale nationalistische Gesetzgeber Gabor Staudt und f\u00fcgte hinzu, dass Ungarn \u00fcber eine eigene, unabh\u00e4ngige Verteidigungsf\u00e4higkeit verf\u00fcgen sollte.<\/strong><\/div>\n<div class=\"titleNews\"><\/div>\n<div class=\"bodyNews\"><span id=\"ctl00_ContentPlaceHolder1_ctrlNewsControl_lbBody\">Der Oppositionspolitiker sagte auf einer Pressekonferenz, dass Ungarns Auslandseins\u00e4tze die tats\u00e4chliche Sicherheit des Landes nicht f\u00f6rderten und es sich von allen Missionen fernhalten sollte, die letztendlich auf terroristische Aktionen abzielen k\u00f6nnten.<\/p>\n<p>Er kritisierte die Ausgaben f\u00fcr Ungarns NATO-Missionen in Afghanistan und seine Luftverteidigungseins\u00e4tze \u00fcber dem Baltikum.<\/p>\n<p><\/span><\/div>\n","protected":false},"excerpt":{"rendered":"<p>Budapest, 4. M\u00e4rz (MTI) \u201eUngarn investiert knappe Ressourcen in die Erf\u00fcllung von NATO-Missionen im Ausland, um \u201egute Jungs\u201cinnerhalb des B\u00fcndnisses zu sein, sagte der radikale nationalistische Gesetzgeber Gabor Staudt und f\u00fcgte hinzu, dass Ungarn \u00fcber eine eigene, unabh\u00e4ngige Verteidigungsf\u00e4higkeit verf\u00fcgen sollte. Der Oppositionspolitiker sagte auf einer Pressekonferenz, dass Ungarns Auslandseins\u00e4tze die tats\u00e4chliche Sicherheit des Landes [&hellip;]<\/p>\n","protected":false},"author":2,"featured_media":769149,"comment_status":"open","ping_status":"open","sticky":false,"template":"","format":"standard","meta":{"_acf_changed":false,"_display_image":"","footnotes":""},"categories":[1081],"tags":[1203,1632],"class_list":["post-769148","post","type-post","status-publish","format-standard","has-post-thumbnail","hentry","category-politik","tag-armee","tag-jobbik"],"blocksy_meta":[],"acf":[],"author_username":"alk","telegram_post":"","public_post_metadata":{"breaking_news":"","important":"","csempe":"","center_tile":"","disable_thumbnail":"","target_lang":"","_featured_image_style":"","telegram_post":"","_xlat_group_id":""},"public_rank_math_data":{"title":"%title% %sep% %sitename%","description":"","focus_keyword":"","canonical_url":"","robots":"","primary_category":"1081","breadcrumb_title":"","facebook_title":"","facebook_description":"","facebook_image":"","facebook_image_id":"","twitter_title":"","twitter_description":"","twitter_image":"","twitter_image_id":"","twitter_card_type":"","twitter_use_facebook":"","advanced_robots":"","pillar_content":"","seo_score":"","contentai_score":"","rich_snippet":""},"_links":{"self":[{"href":"https:\/\/dailynewshungary.com\/de\/wp-json\/wp\/v2\/posts\/769148","targetHints":{"allow":["GET"]}}],"collection":[{"href":"https:\/\/dailynewshungary.com\/de\/wp-json\/wp\/v2\/posts"}],"about":[{"href":"https:\/\/dailynewshungary.com\/de\/wp-json\/wp\/v2\/types\/post"}],"author":[{"embeddable":true,"href":"https:\/\/dailynewshungary.com\/de\/wp-json\/wp\/v2\/users\/2"}],"replies":[{"embeddable":true,"href":"https:\/\/dailynewshungary.com\/de\/wp-json\/wp\/v2\/comments?post=769148"}],"version-history":[{"count":0,"href":"https:\/\/dailynewshungary.com\/de\/wp-json\/wp\/v2\/posts\/769148\/revisions"}],"wp:featuredmedia":[{"embeddable":true,"href":"https:\/\/dailynewshungary.com\/de\/wp-json\/wp\/v2\/media\/769149"}],"wp:attachment":[{"href":"https:\/\/dailynewshungary.com\/de\/wp-json\/wp\/v2\/media?parent=769148"}],"wp:term":[{"taxonomy":"category","embeddable":true,"href":"https:\/\/dailynewshungary.com\/de\/wp-json\/wp\/v2\/categories?post=769148"},{"taxonomy":"post_tag","embeddable":true,"href":"https:\/\/dailynewshungary.com\/de\/wp-json\/wp\/v2\/tags?post=769148"}],"curies":[{"name":"wp","href":"https:\/\/api.w.org\/{rel}","templated":true}]}}