{"id":769206,"date":"2015-03-01T20:46:45","date_gmt":"2015-03-01T19:46:45","guid":{"rendered":"https:\/\/dailynewshungary.com\/de\/fidesz-wohlfahrtsdienste-mussen-an-die-lokalen-bedurfnisse-angepasst-werden\/"},"modified":"2015-03-01T20:46:45","modified_gmt":"2015-03-01T19:46:45","slug":"fidesz-wohlfahrtsdienste-mussen-an-die-lokalen-bedurfnisse-angepasst-werden","status":"publish","type":"post","link":"https:\/\/dailynewshungary.com\/de\/fidesz-wohlfahrtsdienste-mussen-an-die-lokalen-bedurfnisse-angepasst-werden\/","title":{"rendered":"Fidesz: Wohlfahrtsdienste m\u00fcssen an die lokalen Bed\u00fcrfnisse angepasst werden"},"content":{"rendered":"<p><strong>Budapest, 1. M\u00e4rz (MTI) \u2013 Die neuen Sozialvorschriften Ungarns, die am 1. M\u00e4rz in Kraft treten, werden sicherstellen, dass Dienstleistungen nur denjenigen zugute kommen, die sie ben\u00f6tigen, dass Subventionen nicht dupliziert werden und dass das System im Einklang mit den Bed\u00fcrfnissen und Ressourcen gestaltet wird jeder Gemeinde, sagte Fidesz in einer am Sonntag an MTI gesendeten Erkl\u00e4rung.<\/strong><\/p>\n<p>K\u00fcnftig werde vor Ort \u00fcber Subventionen f\u00fcr Bed\u00fcrftige entschieden, um Transparenz zu gew\u00e4hrleisten und sicherzustellen, dass Dienstleistungen nicht missbraucht w\u00fcrden, hei\u00dft es in der Erkl\u00e4rung.<\/p>\n<blockquote>\n<p>\u201cAlle zust\u00e4ndigen Kommunen haben sich auf die Ver\u00e4nderung vorbereitet und ihr Wohlfahrtssystem \u00fcberdacht, in vielen F\u00e4llen werden (bestehende) Zusch\u00fcsse angehoben und neue eingef\u00fchrt\u201d, hei\u00dft es in der Mitteilung.<\/p>\n<\/blockquote>\n<p>Niemand, der Hilfe braucht, werde ohne Hilfe bleiben, hei\u00dft es in dem Dokument, und stellte fest, dass die Regierung einen Pool von 35 Milliarden Forint (116 Mio. EUR) eingerichtet habe, um die Haushalte der Gemeinden zu vervollst\u00e4ndigen, die nicht \u00fcber ausreichende Mittel zur Unterst\u00fctzung der Armen verf\u00fcgen.<\/p>\n<p>Die oppositionellen Sozialisten sagten hingegen, die Politik der Regierung werde die Nation \u201czerrei\u00dfen\u201d Der sozialistische Abgeordnete Lajos Korozs sagte auf einer Pressekonferenz, der 1. M\u00e4rz sei ein \u201cschwarzer Tag\u201d f\u00fcr die Armen und die Mittelschicht, da \u201calle Subventionen, die bisher die Sicherheit von fast einer Million Menschen gew\u00e4hrleisten\u201d, abgeschafft werden.<\/p>\n<p>Premierminister Viktor Orban \u201cwird am 1. M\u00e4rz mit dem Aufbau einer armutsbasierten Gesellschaft beginnen\u201d, beharrte Korozs und verwies auf die Abschaffung der Pflegegeb\u00fchr durch die Regierung, die bisher an Menschen gezahlt wurde, die sich um chronisch kranke Familienmitglieder k\u00fcmmern, sowie auf Sozial &#8211; und Wohnbauf\u00f6rderung, Schuldenabbauzusch\u00fcsse und Unterst\u00fctzung der Kommunalverwaltung.<\/p>\n","protected":false},"excerpt":{"rendered":"<p>Budapest, 1. M\u00e4rz (MTI) \u2013 Die neuen Sozialvorschriften Ungarns, die am 1. M\u00e4rz in Kraft treten, werden sicherstellen, dass Dienstleistungen nur denjenigen zugute kommen, die sie ben\u00f6tigen, dass Subventionen nicht dupliziert werden und dass das System im Einklang mit den Bed\u00fcrfnissen und Ressourcen gestaltet wird jeder Gemeinde, sagte Fidesz in einer am Sonntag an MTI [&hellip;]<\/p>\n","protected":false},"author":2,"featured_media":769207,"comment_status":"open","ping_status":"open","sticky":false,"template":"","format":"standard","meta":{"_acf_changed":false,"_display_image":"","footnotes":""},"categories":[1081],"tags":[1091],"class_list":["post-769206","post","type-post","status-publish","format-standard","has-post-thumbnail","hentry","category-politik","tag-fidesz"],"blocksy_meta":[],"acf":[],"author_username":"alk","telegram_post":"","public_post_metadata":{"breaking_news":"","important":"","csempe":"","center_tile":"","disable_thumbnail":"","target_lang":"","_featured_image_style":"","telegram_post":"","_xlat_group_id":""},"public_rank_math_data":{"title":"%title% %sep% %sitename%","description":"","focus_keyword":"","canonical_url":"","robots":"","primary_category":"1081","breadcrumb_title":"","facebook_title":"","facebook_description":"","facebook_image":"","facebook_image_id":"","twitter_title":"","twitter_description":"","twitter_image":"","twitter_image_id":"","twitter_card_type":"","twitter_use_facebook":"","advanced_robots":"","pillar_content":"","seo_score":"","contentai_score":"","rich_snippet":""},"_links":{"self":[{"href":"https:\/\/dailynewshungary.com\/de\/wp-json\/wp\/v2\/posts\/769206","targetHints":{"allow":["GET"]}}],"collection":[{"href":"https:\/\/dailynewshungary.com\/de\/wp-json\/wp\/v2\/posts"}],"about":[{"href":"https:\/\/dailynewshungary.com\/de\/wp-json\/wp\/v2\/types\/post"}],"author":[{"embeddable":true,"href":"https:\/\/dailynewshungary.com\/de\/wp-json\/wp\/v2\/users\/2"}],"replies":[{"embeddable":true,"href":"https:\/\/dailynewshungary.com\/de\/wp-json\/wp\/v2\/comments?post=769206"}],"version-history":[{"count":0,"href":"https:\/\/dailynewshungary.com\/de\/wp-json\/wp\/v2\/posts\/769206\/revisions"}],"wp:featuredmedia":[{"embeddable":true,"href":"https:\/\/dailynewshungary.com\/de\/wp-json\/wp\/v2\/media\/769207"}],"wp:attachment":[{"href":"https:\/\/dailynewshungary.com\/de\/wp-json\/wp\/v2\/media?parent=769206"}],"wp:term":[{"taxonomy":"category","embeddable":true,"href":"https:\/\/dailynewshungary.com\/de\/wp-json\/wp\/v2\/categories?post=769206"},{"taxonomy":"post_tag","embeddable":true,"href":"https:\/\/dailynewshungary.com\/de\/wp-json\/wp\/v2\/tags?post=769206"}],"curies":[{"name":"wp","href":"https:\/\/api.w.org\/{rel}","templated":true}]}}