{"id":769222,"date":"2015-02-28T15:00:13","date_gmt":"2015-02-28T14:00:13","guid":{"rendered":"https:\/\/dailynewshungary.com\/de\/die-opposition-sagt-orban-rede-deute-darauf-hin-fidesz-zu-schwachen\/"},"modified":"2015-02-28T15:00:13","modified_gmt":"2015-02-28T14:00:13","slug":"die-opposition-sagt-orban-rede-deute-darauf-hin-fidesz-zu-schwachen","status":"publish","type":"post","link":"https:\/\/dailynewshungary.com\/de\/die-opposition-sagt-orban-rede-deute-darauf-hin-fidesz-zu-schwachen\/","title":{"rendered":"Die Opposition sagt, Orban-Rede deute darauf hin, Fidesz zu schw\u00e4chen"},"content":{"rendered":"<p><strong>Budapest (MTI) \u2013 Oppositionsparteien erkl\u00e4rten, die Rede, die Ministerpr\u00e4sident Viktor Orban am Freitag gehalten habe, sei \u201cleer\u201d und wiesen auf Anzeichen einer \u201cabschw\u00e4chenden\u201d Regierungspartei hin.<\/strong><\/p>\n<p>Orban hielt am Freitagnachmittag seine regelm\u00e4\u00dfige Rede zu Jahresbeginn, in der er den Stand der Dinge im Varkert Bazar beurteilte.<\/p>\n<p>Roland Marton, der stellvertretende Vorsitzende der Sozialisten, sagte, die Rede zeige, dass Fidesz in einer Krise stecke, da es von einer Million Unterst\u00fctzern verlassen worden sei. Orbans \u201eBasar-Gespr\u00e4ch\u201centhalte eine lange Wunschliste, und der Premierminister habe \u201egro\u00dfe Anstrengungen unternommen, um lauter als die Fakten zu sprechen, aber tats\u00e4chlich daran gescheitert, sagte Marton\u201d \u201eFidesz ist heute nicht in der Lage, das Volk zu sch\u00fctzen oder zu vertreten, sagte er.<\/p>\n<p>Gabor Vona, der F\u00fchrer des radikalen Nationalisten Jobbik, sagte, Orban habe einen politischen Kalten Krieg gef\u00fchrt, anstatt effektiv zu regieren.<\/p>\n<blockquote>\n<p>\u201cWas Ungarn stattdessen brauchen w\u00fcrde, sind komponierte, inhaltliche und konstruktive Debatten\u201d, sagte Vona auf einer Pressekonferenz.<\/p>\n<\/blockquote>\n<p>Er sagte, die \u00d6ffentlichkeit habe nicht einen Premierminister geh\u00f6rt, sondern einen Fidesz-F\u00fchrer, der das Vertrauen verloren habe, und f\u00fcgte hinzu, dass es keine \u00dcberraschung sei, dass Orban sich nicht mit echten Themen wie Bildung, Gesundheitsf\u00fcrsorge, Freihandelsgespr\u00e4chen und dem Abzug der Ungarn aus dem Land befasst habe.<\/p>\n<p>Andras Schiffer, Co-Vorsitzender von green LMP, sagte, dass Orban und seine Regierung Ungarn in ein Land verwandelt h\u00e4tten, in dem die arbeitende Bev\u00f6lkerung arm sei. Er kritisierte Orbans \u00c4u\u00dferungen \u00fcber eine rekordhohe Besch\u00e4ftigung und bestand darauf, dass insgesamt nur 40.000 \u201ekrisensichere\u201cArbeitspl\u00e4tze geschaffen worden seien \u201emit\u201d Entwicklungsfonds, die letztes Jahr, einem Wahljahr, eingef\u00fchrt wurden.\u201d<\/p>\n<p>Die linke Demokratische Koalition sagte, Orban habe \u201ceine leere Rede\u201d gehalten, in der er die Leistung seiner Regierung mit falschen Daten zu untermauern suchte \u201cDie Ungarn konnten am Freitag einen Premierminister in seiner intellektuellen Leistungsf\u00e4higkeit und seinem Handlungsspielraum in der Politik ersch\u00fcttern sehen\u201d, sagte Zsolt Greczy, der Parteisprecher.<\/p>\n<p>Viktor Szigetvari, der Vorsitzende der Partei Egyutt (Gemeinsam), sagte, die \u00d6ffentlichkeit habe \u201ceinen m\u00fcden und zerr\u00fctteten\u201d Ministerpr\u00e4sidenten eines schw\u00e4chelnden Ungarns gesehen Gleichzeitig habe Orban \u201cvergessen\u201d, \u00fcber Korruption, Armut und die \u201cOhnmacht\u201d zu sprechen, die das Land umarmt, sagte Szigetvari.<\/p>\n<p>Rebeka Szabo, Vorstandsmitglied der Partei Dialog f\u00fcr Ungarn (PM), sagte, dass die Erfolgsgeschichte, von der Orban sprach, nur jene \u201cprivilegierten\u201d Menschen betreffe, die ihm und dem regierenden Fidesz nahe standen. Aber die Ungarinnen durchschauen Orban und wollen keine \u201cReden \u00fcber den Zustand der Nation mehr, die auf falsche Tr\u00e4ume hinweisen\u201d, sagte sie und f\u00fcgte hinzu, dass \u201cOrbans L\u00fcgen\u201d bald ein Ende haben w\u00fcrden.<\/p>\n<p>Der liberale F\u00fchrer Gabor Fodor sagte, dass nur ein \u201cschwacher Premierminister\u201d, der nicht in der Lage sei, sich seinem eigenen Versagen zu stellen, mit dem Finger auf Einwanderer, auf Europa und auf die Liberalen zeigen w\u00fcrde.<\/p>\n<p>Orban habe es vers\u00e4umt, \u00fcber eine Reihe von Dingen zu sprechen, er habe es beispielsweise vers\u00e4umt, die Namen von Personen preiszugeben, denen die Einreise in die USA verboten sei, und klar darzulegen, ob er sich f\u00fcr Putin oder die EU entschieden habe, sagte Fodor in einer Erkl\u00e4rung.<\/p>\n","protected":false},"excerpt":{"rendered":"<p>Budapest (MTI) \u2013 Oppositionsparteien erkl\u00e4rten, die Rede, die Ministerpr\u00e4sident Viktor Orban am Freitag gehalten habe, sei \u201cleer\u201d und wiesen auf Anzeichen einer \u201cabschw\u00e4chenden\u201d Regierungspartei hin. Orban hielt am Freitagnachmittag seine regelm\u00e4\u00dfige Rede zu Jahresbeginn, in der er den Stand der Dinge im Varkert Bazar beurteilte. Roland Marton, der stellvertretende Vorsitzende der Sozialisten, sagte, die Rede [&hellip;]<\/p>\n","protected":false},"author":2,"featured_media":769223,"comment_status":"open","ping_status":"open","sticky":false,"template":"","format":"standard","meta":{"_acf_changed":false,"_display_image":"","footnotes":""},"categories":[1081],"tags":[1632,1695,1128],"class_list":["post-769222","post","type-post","status-publish","format-standard","has-post-thumbnail","hentry","category-politik","tag-jobbik","tag-sozialisten","tag-viktor-orban"],"blocksy_meta":[],"acf":[],"author_username":"alk","telegram_post":"","public_post_metadata":{"breaking_news":"","important":"","csempe":"","center_tile":"","disable_thumbnail":"","target_lang":"","_featured_image_style":"","telegram_post":"","_xlat_group_id":""},"public_rank_math_data":{"title":"%title% %sep% %sitename%","description":"","focus_keyword":"","canonical_url":"","robots":"","primary_category":"1081","breadcrumb_title":"","facebook_title":"","facebook_description":"","facebook_image":"","facebook_image_id":"","twitter_title":"","twitter_description":"","twitter_image":"","twitter_image_id":"","twitter_card_type":"","twitter_use_facebook":"","advanced_robots":"","pillar_content":"","seo_score":"","contentai_score":"","rich_snippet":""},"_links":{"self":[{"href":"https:\/\/dailynewshungary.com\/de\/wp-json\/wp\/v2\/posts\/769222","targetHints":{"allow":["GET"]}}],"collection":[{"href":"https:\/\/dailynewshungary.com\/de\/wp-json\/wp\/v2\/posts"}],"about":[{"href":"https:\/\/dailynewshungary.com\/de\/wp-json\/wp\/v2\/types\/post"}],"author":[{"embeddable":true,"href":"https:\/\/dailynewshungary.com\/de\/wp-json\/wp\/v2\/users\/2"}],"replies":[{"embeddable":true,"href":"https:\/\/dailynewshungary.com\/de\/wp-json\/wp\/v2\/comments?post=769222"}],"version-history":[{"count":0,"href":"https:\/\/dailynewshungary.com\/de\/wp-json\/wp\/v2\/posts\/769222\/revisions"}],"wp:featuredmedia":[{"embeddable":true,"href":"https:\/\/dailynewshungary.com\/de\/wp-json\/wp\/v2\/media\/769223"}],"wp:attachment":[{"href":"https:\/\/dailynewshungary.com\/de\/wp-json\/wp\/v2\/media?parent=769222"}],"wp:term":[{"taxonomy":"category","embeddable":true,"href":"https:\/\/dailynewshungary.com\/de\/wp-json\/wp\/v2\/categories?post=769222"},{"taxonomy":"post_tag","embeddable":true,"href":"https:\/\/dailynewshungary.com\/de\/wp-json\/wp\/v2\/tags?post=769222"}],"curies":[{"name":"wp","href":"https:\/\/api.w.org\/{rel}","templated":true}]}}