{"id":769226,"date":"2015-02-28T13:17:21","date_gmt":"2015-02-28T12:17:21","guid":{"rendered":"https:\/\/dailynewshungary.com\/de\/wirtschaftswachstum-ohne-auslandskredite-durchbruch-fur-ungarn-sagt-orban\/"},"modified":"2015-02-28T13:17:21","modified_gmt":"2015-02-28T12:17:21","slug":"wirtschaftswachstum-ohne-auslandskredite-durchbruch-fur-ungarn-sagt-orban","status":"publish","type":"post","link":"https:\/\/dailynewshungary.com\/de\/wirtschaftswachstum-ohne-auslandskredite-durchbruch-fur-ungarn-sagt-orban\/","title":{"rendered":"Wirtschaftswachstum ohne Auslandskredite Durchbruch f\u00fcr Ungarn, sagt Orban"},"content":{"rendered":"<p><strong>Budapest (MTI) \u2013 Ungarn hat letztes Jahr einen wirtschaftlichen Durchbruch erzielt, indem es wuchs, ohne ausl\u00e4ndische Kredite aufzunehmen, sagte Premierminister Viktor Orban.<\/strong><\/p>\n<p>Er sagte, zum ersten Mal seit Jahrzehnten habe das ungarische Volk in finanzieller Hinsicht \u201cabgeschlossen\u201d, und der Staat, die Unternehmen und die Einwohner h\u00e4tten sich alle wie verantwortungsbewusste Erwachsene verhalten, wenn es darum ging, reife Entscheidungen zu treffen und diese umzusetzen.<\/p>\n<p>\u201cWir sind \u00fcber den Berg und jetzt hungrig nach einigem Erfolg\u201d, sagte er am Freitagnachmittag bei einer Rede zum Jahresbeginn im Varkert Bazar.<\/p>\n<p>In den kommenden Jahren werde es um flei\u00dfige Menschen und ihre Bed\u00fcrfnisse gehen, um ihren Lebensunterhalt zu bestreiten, sagte OrbanDaher werden die Steuerverg\u00fcnstigungen f\u00fcr Zwei-Kind-Familien steigen, ein Heimerstarter-F\u00f6rderprogramm wird aufgelegt und Karrieremodelle fortgef\u00fchrtDie Bezahlung der Haus\u00e4rzte wird angehoben, neue Kinderg\u00e4rten gebaut und ein neues System der Berufsausbildung auf den Weg gebracht, f\u00fcgte er hinzuDazu wird es kostenlose Schulmahlzeiten f\u00fcr Kinder gebenf\u00fcgte er hinzu.<\/p>\n<p>Hunderttausenden arbeitenden Ungarn werde geholfen, gleichzeitig das Wirtschaftswachstum aufrechtzuerhalten und die Wettbewerbsf\u00e4higkeit zu verbessern, sagte er.<\/p>\n<p>Der Dienst am eigenen Land stehe vor individuellen Ambitionen, privaten oder Gruppeninteressen, sagte Orban.<\/p>\n<p>\u201cWir sind eine Gemeinschaft einer Volkspartei, die in christdemokratischen Werten verwurzelt ist und von den Idealen eines b\u00fcrgerlichen Ungarns regiert wird, sagte erDer liberale Multikulturalismus lieferte keine Antworten auf die brennendsten Herausforderungen, vor denen Europa heute steht, er bestand daraufEine der wichtigsten Fragen war, ob es m\u00f6glich war, Menschen einzubeziehen, viele von denen nicht bereit sind, zu akzeptieren oder in einigen F\u00e4llen direkt daran gemacht sind, die europ\u00e4ische Kultur zu zerst\u00f6ren. Eine andere ist, ob der Geist des Kalten Krieges von einer R\u00fcckkehr abgehalten werden kann und ob man verhindern kann, dass Russland wieder zu seinem Feind wird, sagte er.<\/p>\n<p>\u201cIst es m\u00f6glich, dass die Ungarn zur Unabh\u00e4ngigkeit und Sicherheit der Ukraine f\u00fcr die ethnischen Ungarn in Transkarpatien stehen und gleichzeitig die Energiesicherheit und die wirtschaftlichen Interessen unseres Landes sch\u00fctzen\u201d, fragte er.<\/p>\n<p>Die gew\u00e4hlten F\u00fchrer Ungarns m\u00fcssen diese Fragen von der Position aus beantworten, engagierte Mitglieder der EU und der NATO zu sein, und dabei Ungarn einen sicheren Ort in einer unsicheren Welt zu erhalten, sagte erEr f\u00fcgte hinzu, dass Ungarn eine proaktive Au\u00dfenpolitik brauche, die es 2014 verabschiedet habe, als es seiner Wirtschaft besser zu gehen begann.<\/p>\n<p>Ungarn m\u00fcssen lernen, sich mit Ausl\u00e4ndern gleichberechtigt zu f\u00fchlen Als Antwort auf die Vorw\u00fcrfe der Kritiker, Ungarn zu isolieren, sagte er \u201callein im Februar besuchten ein Pr\u00e4sident, drei Ministerpr\u00e4sidenten und neun Au\u00dfenminister Ungarn\u201d.<\/p>\n<p>Er sagte, es g\u00e4be bestimmte Dinge aus der \u201cvorherigen \u00c4ra\u201d Ungarns zu bewahren, w\u00e4hrend andere aufgegeben werden m\u00fcsstenDie Demokratie solle erhalten bleiben, \u201cam besten ohne Qualifikation\u201d, sagte erDie Regierung habe jedoch die neoliberale Wirtschaftspolitik, die Sparpolitik, die \u201cWahnvorstellungen\u201d einer multikulturellen Gesellschaft und eine liberale Sozialpolitik aufgegeben, die das Gemeinwohl nicht anerkenne und die christliche Kultur ablehneDer Ministerpr\u00e4sident f\u00fcgte hinzu, dass auch die politische Korrektheit aufgegeben werden m\u00fcsse, da die Ungarn \u201cvon Natur aus politisch falsch seien\u201d und gegen \u201cleeres Gerede\u201d immun seien.<\/p>\n<blockquote>\n<p>\u201cUngarn wollen Arbeit und niedrige Stromrechnungen\u201d, sagte er.<\/p>\n<\/blockquote>\n<p>Orban ging auf die Niederlage seiner Fidesz-Partei bei der j\u00fcngsten Nachwahl im westungarischen Veszprem einEr sagte, ein Vorteil des Ergebnisses sei, dass es ein Beweis daf\u00fcr sei, dass das neue Wahlgesetz funktioniereEr f\u00fcgte jedoch hinzu, dass die Tatsache, dass viele Fidesz-Anh\u00e4nger ihre Unzufriedenheit mit der Partei ge\u00e4u\u00dfert h\u00e4tten, bedeute, dass in Zukunft mehr Dialog erforderlich sei.<\/p>\n","protected":false},"excerpt":{"rendered":"<p>Budapest (MTI) \u2013 Ungarn hat letztes Jahr einen wirtschaftlichen Durchbruch erzielt, indem es wuchs, ohne ausl\u00e4ndische Kredite aufzunehmen, sagte Premierminister Viktor Orban. Er sagte, zum ersten Mal seit Jahrzehnten habe das ungarische Volk in finanzieller Hinsicht \u201cabgeschlossen\u201d, und der Staat, die Unternehmen und die Einwohner h\u00e4tten sich alle wie verantwortungsbewusste Erwachsene verhalten, wenn es darum [&hellip;]<\/p>\n","protected":false},"author":2,"featured_media":769227,"comment_status":"open","ping_status":"open","sticky":false,"template":"","format":"standard","meta":{"_acf_changed":false,"_display_image":"","footnotes":""},"categories":[1281],"tags":[1128,1104],"class_list":["post-769226","post","type-post","status-publish","format-standard","has-post-thumbnail","hentry","category-geschaft","tag-viktor-orban","tag-wirtschaft"],"blocksy_meta":[],"acf":[],"author_username":"alk","telegram_post":"","public_post_metadata":{"breaking_news":"","important":"","csempe":"","center_tile":"","disable_thumbnail":"","target_lang":"","_featured_image_style":"","telegram_post":"","_xlat_group_id":""},"public_rank_math_data":{"title":"%title% %sep% %sitename%","description":"","focus_keyword":"","canonical_url":"","robots":"","primary_category":"1281","breadcrumb_title":"","facebook_title":"","facebook_description":"","facebook_image":"","facebook_image_id":"","twitter_title":"","twitter_description":"","twitter_image":"","twitter_image_id":"","twitter_card_type":"","twitter_use_facebook":"","advanced_robots":"","pillar_content":"","seo_score":"","contentai_score":"","rich_snippet":""},"_links":{"self":[{"href":"https:\/\/dailynewshungary.com\/de\/wp-json\/wp\/v2\/posts\/769226","targetHints":{"allow":["GET"]}}],"collection":[{"href":"https:\/\/dailynewshungary.com\/de\/wp-json\/wp\/v2\/posts"}],"about":[{"href":"https:\/\/dailynewshungary.com\/de\/wp-json\/wp\/v2\/types\/post"}],"author":[{"embeddable":true,"href":"https:\/\/dailynewshungary.com\/de\/wp-json\/wp\/v2\/users\/2"}],"replies":[{"embeddable":true,"href":"https:\/\/dailynewshungary.com\/de\/wp-json\/wp\/v2\/comments?post=769226"}],"version-history":[{"count":0,"href":"https:\/\/dailynewshungary.com\/de\/wp-json\/wp\/v2\/posts\/769226\/revisions"}],"wp:featuredmedia":[{"embeddable":true,"href":"https:\/\/dailynewshungary.com\/de\/wp-json\/wp\/v2\/media\/769227"}],"wp:attachment":[{"href":"https:\/\/dailynewshungary.com\/de\/wp-json\/wp\/v2\/media?parent=769226"}],"wp:term":[{"taxonomy":"category","embeddable":true,"href":"https:\/\/dailynewshungary.com\/de\/wp-json\/wp\/v2\/categories?post=769226"},{"taxonomy":"post_tag","embeddable":true,"href":"https:\/\/dailynewshungary.com\/de\/wp-json\/wp\/v2\/tags?post=769226"}],"curies":[{"name":"wp","href":"https:\/\/api.w.org\/{rel}","templated":true}]}}