{"id":769230,"date":"2015-02-28T07:39:12","date_gmt":"2015-02-28T06:39:12","guid":{"rendered":"https:\/\/dailynewshungary.com\/de\/in-ungarn-erreichte-die-grippeepidemie-ihren-hohepunkt\/"},"modified":"2015-02-28T07:39:12","modified_gmt":"2015-02-28T06:39:12","slug":"in-ungarn-erreichte-die-grippeepidemie-ihren-hohepunkt","status":"publish","type":"post","link":"https:\/\/dailynewshungary.com\/de\/in-ungarn-erreichte-die-grippeepidemie-ihren-hohepunkt\/","title":{"rendered":"In Ungarn erreichte die Grippeepidemie ihren H\u00f6hepunkt"},"content":{"rendered":"<p><strong>Letzte Woche erreichte die Grippeepidemie im Land ihren H\u00f6hepunkt. Den medizinischen Berichten zufolge wandten sich zwischen dem 16-22. Februar 81.900 Menschen mit grippe\u00e4hnlichen Symptomen an die \u00c4rzte. 10% weniger als in der Vorwoche, sagt origo.hu.<\/strong><\/p>\n<p>Dem Bericht zufolge stieg die Zahl der Menschen, die wegen grippe\u00e4hnlicher Symptome zu \u00c4rzten gingen, in vier Landkreisen, ging in acht Landkreisen und der Hauptstadt zur\u00fcck und ver\u00e4nderte sich in sieben Landkreisen nicht. In der 8. Woche gab das National Epidemiology Center dies bekannt Informationen.<\/p>\n<p>Im Landkreis Csongrad stieg die Zahl der Patienten mit Rauchabzug um zwei Drittel, die meisten Patienten befanden sich in den Landkreisen Gyor-Moson-Sopron, Hajdu-Bihar und Zala, in der Altersverteilung gab es keine signifikante Ver\u00e4nderung: Kinder und junge Erwachsene wurden am h\u00e4ufigsten krank, sagt origo.hu.<\/p>\n<p>199 Atemwegsproben von grippeverd\u00e4chtigen Patienten kamen in der 8. Woche im Nationalen Influenza-Referenzlabor an, 25 Prozent weniger als in der Vorwoche In den meisten Laborproben wurden Influenza A und B identifiziert.<\/p>\n<p><em>Basierend auf dem Artikel von origo.hu<\/em><br \/>\n<em>\u00dcbersetzt von B.A<\/em><\/p>\n<p><em>Foto: Pixabay<\/em><\/p>\n","protected":false},"excerpt":{"rendered":"<p>Letzte Woche erreichte die Grippeepidemie im Land ihren H\u00f6hepunkt. Den medizinischen Berichten zufolge wandten sich zwischen dem 16-22. Februar 81.900 Menschen mit grippe\u00e4hnlichen Symptomen an die \u00c4rzte. 10% weniger als in der Vorwoche, sagt origo.hu. Dem Bericht zufolge stieg die Zahl der Menschen, die wegen grippe\u00e4hnlicher Symptome zu \u00c4rzten gingen, in vier Landkreisen, ging in [&hellip;]<\/p>\n","protected":false},"author":3,"featured_media":769231,"comment_status":"open","ping_status":"open","sticky":false,"template":"","format":"standard","meta":{"_acf_changed":false,"_display_image":"","footnotes":""},"categories":[1098],"tags":[1107],"class_list":["post-769230","post","type-post","status-publish","format-standard","has-post-thumbnail","hentry","category-gesellschaft","tag-gesundheit"],"blocksy_meta":[],"acf":[],"author_username":"becsi","telegram_post":"","public_post_metadata":{"breaking_news":"","important":"","csempe":"","center_tile":"","disable_thumbnail":"","target_lang":"","_featured_image_style":"","telegram_post":"","_xlat_group_id":""},"public_rank_math_data":{"title":"%title% %sep% %sitename%","description":"","focus_keyword":"","canonical_url":"","robots":"","primary_category":"1098","breadcrumb_title":"","facebook_title":"","facebook_description":"","facebook_image":"","facebook_image_id":"","twitter_title":"","twitter_description":"","twitter_image":"","twitter_image_id":"","twitter_card_type":"","twitter_use_facebook":"","advanced_robots":"","pillar_content":"","seo_score":"","contentai_score":"","rich_snippet":""},"_links":{"self":[{"href":"https:\/\/dailynewshungary.com\/de\/wp-json\/wp\/v2\/posts\/769230","targetHints":{"allow":["GET"]}}],"collection":[{"href":"https:\/\/dailynewshungary.com\/de\/wp-json\/wp\/v2\/posts"}],"about":[{"href":"https:\/\/dailynewshungary.com\/de\/wp-json\/wp\/v2\/types\/post"}],"author":[{"embeddable":true,"href":"https:\/\/dailynewshungary.com\/de\/wp-json\/wp\/v2\/users\/3"}],"replies":[{"embeddable":true,"href":"https:\/\/dailynewshungary.com\/de\/wp-json\/wp\/v2\/comments?post=769230"}],"version-history":[{"count":0,"href":"https:\/\/dailynewshungary.com\/de\/wp-json\/wp\/v2\/posts\/769230\/revisions"}],"wp:featuredmedia":[{"embeddable":true,"href":"https:\/\/dailynewshungary.com\/de\/wp-json\/wp\/v2\/media\/769231"}],"wp:attachment":[{"href":"https:\/\/dailynewshungary.com\/de\/wp-json\/wp\/v2\/media?parent=769230"}],"wp:term":[{"taxonomy":"category","embeddable":true,"href":"https:\/\/dailynewshungary.com\/de\/wp-json\/wp\/v2\/categories?post=769230"},{"taxonomy":"post_tag","embeddable":true,"href":"https:\/\/dailynewshungary.com\/de\/wp-json\/wp\/v2\/tags?post=769230"}],"curies":[{"name":"wp","href":"https:\/\/api.w.org\/{rel}","templated":true}]}}