{"id":769232,"date":"2015-02-27T20:00:02","date_gmt":"2015-02-27T19:00:02","guid":{"rendered":"https:\/\/dailynewshungary.com\/de\/orban-liberaler-multikulturalismus-untauglich-den-heutigen-herausforderungen-zu-begegnen\/"},"modified":"2015-02-27T20:00:02","modified_gmt":"2015-02-27T19:00:02","slug":"orban-liberaler-multikulturalismus-untauglich-den-heutigen-herausforderungen-zu-begegnen","status":"publish","type":"post","link":"https:\/\/dailynewshungary.com\/de\/orban-liberaler-multikulturalismus-untauglich-den-heutigen-herausforderungen-zu-begegnen\/","title":{"rendered":"Orban: Liberaler Multikulturalismus untauglich, den heutigen Herausforderungen zu begegnen"},"content":{"rendered":"<p><strong>Budapest, 27. Februar (MTI) \u201eDer liberale Multikulturalismus ist nicht geeignet, auf die Probleme zu reagieren, mit denen Europa heute konfrontiert ist, sagte Premierminister Viktor Orban am Freitag.<\/strong><\/p>\n<p>Eine der wichtigsten Fragen unserer Zeit ist, ob es m\u00f6glich ist, Menschen einzubeziehen, von denen viele nicht bereit sind, sie anzunehmen, oder ob sie in manchen F\u00e4llen bereit sind, die Kultur zu zerst\u00f6ren, sagte Orban in einer Rede, die im Varkert Bazar gehalten wurde in Budapest.<\/p>\n<p><a href=\"https:\/\/dailynewshungary.com\/wp-content\/uploads\/2015\/02\/Download-21.jpg\" data-pswp-width=\"\" data-pswp-height=\"\" data-cropped=\"true\"><img loading=\"lazy\" decoding=\"async\" class=\"  wp-image-14725 alignleft\" src=\"https:\/\/dailynewshungary.com\/wp-content\/uploads\/2015\/02\/Download-21.jpg\" alt=\"Herunterladen (2)\" width=\"160\" height=\"240\" srcset=\"https:\/\/contentf5.dailynewshungary.com\/wp-content\/uploads\/2015\/02\/Download-21.jpg 400w, https:\/\/contentf5.dailynewshungary.com\/wp-content\/uploads\/2015\/02\/Download-21-200x300.jpg 200w\" sizes=\"auto, (max-width: 160px) 100vw, 160px\"><\/a>Weitere Fragen, die gestellt werden m\u00fcssen, sind, ob der Geist des Kalten Krieges an der R\u00fcckkehr gehindert werden kann und ob Ungarn verhindern kann, dass Russland wieder zu seinem Feind wird, sagte er.<\/p>\n<blockquote>\n<p>\u201cIst es m\u00f6glich, dass die Ungarn zur Unabh\u00e4ngigkeit und Sicherheit der Ukraine f\u00fcr die ethnischen Ungarn in Transkarpatien stehen und gleichzeitig die Energiesicherheit und die wirtschaftlichen Interessen unseres Landes sch\u00fctzen\u201d, fragte er.<\/p>\n<\/blockquote>\n<p>Die gew\u00e4hlten F\u00fchrer Ungarns m\u00fcssen diese Fragen von der Position aus beantworten, engagierte Mitglieder der EU und der NATO zu sein, und dabei Ungarn einen sicheren Ort in einer unsicheren Welt zu bewahren, sagte er.<\/p>\n<p>Orban argumentierte, dass die Ungarinnen \u201cvon Natur aus\u201d politisch inkorrekt seien, was bedeute, dass \u201csie ihren gesunden Menschenverstand noch nicht verloren haben\u201d.<\/p>\n<blockquote>\n<p>\u201cUngarn sind nicht an \u201cleerem Gerede, sondern an Fakten interessiert; sie wollen Ergebnisse, keine Theorien\u201d, sagte er.<\/p>\n<\/blockquote>\n<p>Die Regierung hat eine neoliberale Wirtschaftspolitik, die Sparpolitik, die \u201cWahnvorstellungen\u201d einer multikulturellen Gesellschaft und eine liberale Sozialpolitik aufgegeben, die das Gemeinwohl nicht anerkennt und die christliche Kultur ablehnt.<\/p>\n<p>Der Ministerpr\u00e4sident f\u00fcgte hinzu, dass es ab der \u201cVorzeit\u201d sinnvoll sei, an der Demokratie festzuhalten, \u201cohne Qualifizierer\u201d.<\/p>\n<p><em>Foto: MTI<\/em><\/p>\n","protected":false},"excerpt":{"rendered":"<p>Budapest, 27. Februar (MTI) \u201eDer liberale Multikulturalismus ist nicht geeignet, auf die Probleme zu reagieren, mit denen Europa heute konfrontiert ist, sagte Premierminister Viktor Orban am Freitag. Eine der wichtigsten Fragen unserer Zeit ist, ob es m\u00f6glich ist, Menschen einzubeziehen, von denen viele nicht bereit sind, sie anzunehmen, oder ob sie in manchen F\u00e4llen bereit [&hellip;]<\/p>\n","protected":false},"author":2,"featured_media":769233,"comment_status":"open","ping_status":"open","sticky":false,"template":"","format":"standard","meta":{"_acf_changed":false,"_display_image":"","footnotes":""},"categories":[1081],"tags":[1128],"class_list":["post-769232","post","type-post","status-publish","format-standard","has-post-thumbnail","hentry","category-politik","tag-viktor-orban"],"blocksy_meta":[],"acf":[],"author_username":"alk","telegram_post":"","public_post_metadata":{"breaking_news":"","important":"","csempe":"","center_tile":"","disable_thumbnail":"","target_lang":"","_featured_image_style":"","telegram_post":"","_xlat_group_id":""},"public_rank_math_data":{"title":"%title% %sep% %sitename%","description":"","focus_keyword":"","canonical_url":"","robots":"","primary_category":"1081","breadcrumb_title":"","facebook_title":"","facebook_description":"","facebook_image":"","facebook_image_id":"","twitter_title":"","twitter_description":"","twitter_image":"","twitter_image_id":"","twitter_card_type":"","twitter_use_facebook":"","advanced_robots":"","pillar_content":"","seo_score":"","contentai_score":"","rich_snippet":""},"_links":{"self":[{"href":"https:\/\/dailynewshungary.com\/de\/wp-json\/wp\/v2\/posts\/769232","targetHints":{"allow":["GET"]}}],"collection":[{"href":"https:\/\/dailynewshungary.com\/de\/wp-json\/wp\/v2\/posts"}],"about":[{"href":"https:\/\/dailynewshungary.com\/de\/wp-json\/wp\/v2\/types\/post"}],"author":[{"embeddable":true,"href":"https:\/\/dailynewshungary.com\/de\/wp-json\/wp\/v2\/users\/2"}],"replies":[{"embeddable":true,"href":"https:\/\/dailynewshungary.com\/de\/wp-json\/wp\/v2\/comments?post=769232"}],"version-history":[{"count":0,"href":"https:\/\/dailynewshungary.com\/de\/wp-json\/wp\/v2\/posts\/769232\/revisions"}],"wp:featuredmedia":[{"embeddable":true,"href":"https:\/\/dailynewshungary.com\/de\/wp-json\/wp\/v2\/media\/769233"}],"wp:attachment":[{"href":"https:\/\/dailynewshungary.com\/de\/wp-json\/wp\/v2\/media?parent=769232"}],"wp:term":[{"taxonomy":"category","embeddable":true,"href":"https:\/\/dailynewshungary.com\/de\/wp-json\/wp\/v2\/categories?post=769232"},{"taxonomy":"post_tag","embeddable":true,"href":"https:\/\/dailynewshungary.com\/de\/wp-json\/wp\/v2\/tags?post=769232"}],"curies":[{"name":"wp","href":"https:\/\/api.w.org\/{rel}","templated":true}]}}