{"id":769252,"date":"2015-02-26T18:02:23","date_gmt":"2015-02-26T17:02:23","guid":{"rendered":"https:\/\/dailynewshungary.com\/de\/parlamentsdebatte-freihandelsabkommen-eu-usa\/"},"modified":"2015-02-26T18:02:23","modified_gmt":"2015-02-26T17:02:23","slug":"parlamentsdebatte-freihandelsabkommen-eu-usa","status":"publish","type":"post","link":"https:\/\/dailynewshungary.com\/de\/parlamentsdebatte-freihandelsabkommen-eu-usa\/","title":{"rendered":"Parlamentsdebatte: Freihandelsabkommen EU-USA"},"content":{"rendered":"<p><strong>Budapest, 26. Februar (MTI) (Obwohl der Ausgang der Freihandelsgespr\u00e4che zwischen der Europ\u00e4ischen Union und den Vereinigten Staaten noch ungewiss ist, wird die ungarische Regierung das geplante Abkommen nur unterst\u00fctzen, wenn es den ungarischen Interessen dient, erkl\u00e4rte Au\u00dfenminister Peter Szijjarto am Donnerstag.<\/strong><\/p>\n<p>In einer von der Opposition initiierten Parlamentsdebatte sagte der Minister, dass die Regierung die laufenden Verhandlungen beobachte.<\/p>\n<blockquote>\n<p>\u201cDiese Gespr\u00e4che sind hoch wichtig, denn die EU kann nur stark sein, wenn sie offen f\u00fcr Zusammenarbeit bleibtDie T\u00fcren zu schlie\u00dfen w\u00e4re in der gegenw\u00e4rtigen Situation eine schlechte Antwort\u201d, sagte er.<\/p>\n<\/blockquote>\n<p>Ungarn bestehe darauf, dass die Verhandlungen transparent sein sollten, sagte SzijjartoEr sagte, dass die EU im Wettbewerb zwischen integrierten regionalen Handelsbl\u00f6cken vermeiden sollte, \u201czwischen zwei St\u00fchle zu fallen\u201d, und wies darauf hin, dass die Freihandelszone der L\u00e4nder rund um den Pazifischen Ozean in Gespr\u00e4chen mit den USA gegen\u00fcber der EU den Vorzug genie\u00dft.<\/p>\n<p>Er sagte, es sei wichtig f\u00fcr den Agrarsektor Ungarns, dass die EU nicht plane, die Z\u00f6lle auf Gefl\u00fcgel, Rinder, Schweinefleisch und Zuckermais vollst\u00e4ndig abzuschaffen Der GVO-freie Status Ungarns werde ebenfalls gew\u00e4hrleistet bleiben, f\u00fcgte er hinzu.<\/p>\n<p>Tibor Navracsics, der als EU-Kommissar in Br\u00fcssel t\u00e4tig ist, sagte, dass sich das Abkommen laut Wirkungsstudien im Allgemeinen g\u00fcnstig auf das Wirtschaftswachstum der EU auswirken w\u00fcrdeEs k\u00f6nnte mittelfristig einen Anstieg der ungarisch-amerikanischen Exporte um 15-20 Prozent, ein BIP-Wachstum von 0,2-0,3 Prozent und die Schaffung von 20.000-30.000 Arbeitspl\u00e4tzen ausl\u00f6sen, sagte er.<\/p>\n<p>Er sagte, es sei wichtig, dass das Abkommen dem europ\u00e4ischen Modell und den europ\u00e4ischen Werten nicht schadeEs ist auch wichtig, dass die EU ihre Regulierungsbefugnisse in den Bereichen Tier &#8211; und Pflanzengesundheit beh\u00e4lt, sagte er.<\/p>\n<p><em>Foto: MTI<\/em><\/p>\n","protected":false},"excerpt":{"rendered":"<p>Budapest, 26. Februar (MTI) (Obwohl der Ausgang der Freihandelsgespr\u00e4che zwischen der Europ\u00e4ischen Union und den Vereinigten Staaten noch ungewiss ist, wird die ungarische Regierung das geplante Abkommen nur unterst\u00fctzen, wenn es den ungarischen Interessen dient, erkl\u00e4rte Au\u00dfenminister Peter Szijjarto am Donnerstag. In einer von der Opposition initiierten Parlamentsdebatte sagte der Minister, dass die Regierung die [&hellip;]<\/p>\n","protected":false},"author":2,"featured_media":769253,"comment_status":"open","ping_status":"open","sticky":false,"template":"","format":"standard","meta":{"_acf_changed":false,"_display_image":"","footnotes":""},"categories":[1281],"tags":[1157,1104],"class_list":["post-769252","post","type-post","status-publish","format-standard","has-post-thumbnail","hentry","category-geschaft","tag-vereinigte-staaten","tag-wirtschaft"],"blocksy_meta":[],"acf":[],"author_username":"alk","telegram_post":"","public_post_metadata":{"breaking_news":"","important":"","csempe":"","center_tile":"","disable_thumbnail":"","target_lang":"","_featured_image_style":"","telegram_post":"","_xlat_group_id":""},"public_rank_math_data":{"title":"%title% %sep% %sitename%","description":"","focus_keyword":"","canonical_url":"","robots":"","primary_category":"1281","breadcrumb_title":"","facebook_title":"","facebook_description":"","facebook_image":"","facebook_image_id":"","twitter_title":"","twitter_description":"","twitter_image":"","twitter_image_id":"","twitter_card_type":"","twitter_use_facebook":"","advanced_robots":"","pillar_content":"","seo_score":"","contentai_score":"","rich_snippet":""},"_links":{"self":[{"href":"https:\/\/dailynewshungary.com\/de\/wp-json\/wp\/v2\/posts\/769252","targetHints":{"allow":["GET"]}}],"collection":[{"href":"https:\/\/dailynewshungary.com\/de\/wp-json\/wp\/v2\/posts"}],"about":[{"href":"https:\/\/dailynewshungary.com\/de\/wp-json\/wp\/v2\/types\/post"}],"author":[{"embeddable":true,"href":"https:\/\/dailynewshungary.com\/de\/wp-json\/wp\/v2\/users\/2"}],"replies":[{"embeddable":true,"href":"https:\/\/dailynewshungary.com\/de\/wp-json\/wp\/v2\/comments?post=769252"}],"version-history":[{"count":0,"href":"https:\/\/dailynewshungary.com\/de\/wp-json\/wp\/v2\/posts\/769252\/revisions"}],"wp:featuredmedia":[{"embeddable":true,"href":"https:\/\/dailynewshungary.com\/de\/wp-json\/wp\/v2\/media\/769253"}],"wp:attachment":[{"href":"https:\/\/dailynewshungary.com\/de\/wp-json\/wp\/v2\/media?parent=769252"}],"wp:term":[{"taxonomy":"category","embeddable":true,"href":"https:\/\/dailynewshungary.com\/de\/wp-json\/wp\/v2\/categories?post=769252"},{"taxonomy":"post_tag","embeddable":true,"href":"https:\/\/dailynewshungary.com\/de\/wp-json\/wp\/v2\/tags?post=769252"}],"curies":[{"name":"wp","href":"https:\/\/api.w.org\/{rel}","templated":true}]}}