{"id":769271,"date":"2015-02-25T16:44:36","date_gmt":"2015-02-25T15:44:36","guid":{"rendered":"https:\/\/dailynewshungary.com\/de\/opfer-des-kommunismus-gedacht\/"},"modified":"2015-02-25T16:44:36","modified_gmt":"2015-02-25T15:44:36","slug":"opfer-des-kommunismus-gedacht","status":"publish","type":"post","link":"https:\/\/dailynewshungary.com\/de\/opfer-des-kommunismus-gedacht\/","title":{"rendered":"Opfer des Kommunismus gedacht"},"content":{"rendered":"<p><strong>Budapest, 25. Februar (MTI) \u2013 Im heutigen b\u00fcrgerlichen Ungarn ist es wichtig, an die Opfer der kommunistischen Diktatur, der Zwangsarbeitslager und des niedergeschlagenen antisowjetischen Aufstands von 1956 zu erinnern und ihnen Respekt zu zollen, sagte der stellvertretende Parlamentspr\u00e4sident Gergely Gulyas am Mittwoch.<\/strong><\/p>\n<p>In einer Ansprache an ein Gedenken namens Trauma und Tabu \u201eMalenki-Roboter 1944\/45 2014\/15 sagte Gulyas, dass Ungarn vor 70 Jahren auf dem Grenzland zwischen zwei m\u00f6rderischen diktatorischen Regimen stand. Die Nazi-Besatzung wurde durch die kommunistische Besatzung ersetzt, was die Ungarn mehrere Jahrzehnte lang als Befreiung bezeichnen mussten, f\u00fcgte er hinzu.<\/p>\n<p>Der Staatssekret\u00e4r des Personalministeriums, Bence Retvari, sagte, dass 2015 zum Gedenkjahr des Malenki-Roboters und des Gulag erkl\u00e4rt wurde und geplant sei, ein ganzes Jahr bis Februar 2016 der Erforschung und Verbreitung von Informationen \u00fcber alle verf\u00fcgbaren Details zu widmen.<\/p>\n<p><a href=\"https:\/\/dailynewshungary.com\/wp-content\/uploads\/2015\/02\/212.jpeg\" data-pswp-width=\"\" data-pswp-height=\"\" data-cropped=\"true\"><img loading=\"lazy\" decoding=\"async\" class=\" size-full wp-image-14652 aligncenter\" src=\"https:\/\/dailynewshungary.com\/wp-content\/uploads\/2015\/02\/212.jpeg\" alt=\"212\" width=\"600\" height=\"406\" srcset=\"https:\/\/contentf5.dailynewshungary.com\/wp-content\/uploads\/2015\/02\/212.jpeg 600w, https:\/\/contentf5.dailynewshungary.com\/wp-content\/uploads\/2015\/02\/212-300x203.jpeg 300w\" sizes=\"auto, (max-width: 600px) 100vw, 600px\"><\/a><\/p>\n<p>Der Staatssekret\u00e4r f\u00fcgte hinzu, es geh\u00f6re zu den moralischen Verpflichtungen, die die derzeitige B\u00fcrgerregierung erf\u00fcllt habe, den Rentenzuschlag f\u00fcr 77.000 Opfer des Kommunismus ab November letzten Jahres zu erh\u00f6hen.<\/p>\n<p>Die Direktorin des Museums des Hauses des Terrors, Maria Schmidt, sagte, dass Kollektivschuld, ethnische S\u00e4uberungen und Zwangsarbeitslager ein wesentlicher Bestandteil des Sowjetregimes seien. Insgesamt 700.000 Ungarn landeten in Zwangsarbeitslagern und etwa 300.000 von ihnen kehrten nie nach Hause zur\u00fcck Sowjetische Zahlen zeigen, dass fast 4 Millionen Ausl\u00e4nder dieses Schicksal teilten, darunter 85 Prozent Deutsche, Japaner und Ungarn.<\/p>\n<p>Schmidt sagte, es sei eine Verpflichtung, sich zu erinnern, denn \u201cbis diese Wunden der Vergangenheit nicht geheilt sind, werden sie uns \u00fcberw\u00e4ltigen\u201d.<\/p>\n<p>Der 25. Februar wird seit 2000 als Gedenktag der M\u00e4rtyrer des Kommunismus begangen, und zwar auf Grund eines Parlamentsdekrets, an diesem Tag im Jahr 1947 wurde der Vorsitzende der Unabh\u00e4ngigen Kleinbauernpartei Bela Kovacs widerrechtlich inhaftiert und in die Sowjetunion deportiert.<\/p>\n<p><em>Foto: MTI<\/em><\/p>\n","protected":false},"excerpt":{"rendered":"<p>Budapest, 25. Februar (MTI) \u2013 Im heutigen b\u00fcrgerlichen Ungarn ist es wichtig, an die Opfer der kommunistischen Diktatur, der Zwangsarbeitslager und des niedergeschlagenen antisowjetischen Aufstands von 1956 zu erinnern und ihnen Respekt zu zollen, sagte der stellvertretende Parlamentspr\u00e4sident Gergely Gulyas am Mittwoch. In einer Ansprache an ein Gedenken namens Trauma und Tabu \u201eMalenki-Roboter 1944\/45 2014\/15 [&hellip;]<\/p>\n","protected":false},"author":2,"featured_media":769272,"comment_status":"open","ping_status":"open","sticky":false,"template":"","format":"standard","meta":{"_acf_changed":false,"_display_image":"","footnotes":""},"categories":[1098],"tags":[1125,2178],"class_list":["post-769271","post","type-post","status-publish","format-standard","has-post-thumbnail","hentry","category-gesellschaft","tag-geschichte","tag-kommunismus"],"blocksy_meta":[],"acf":[],"author_username":"alk","telegram_post":"","public_post_metadata":{"breaking_news":"","important":"","csempe":"","center_tile":"","disable_thumbnail":"","target_lang":"","_featured_image_style":"","telegram_post":"","_xlat_group_id":""},"public_rank_math_data":{"title":"%title% %sep% %sitename%","description":"","focus_keyword":"","canonical_url":"","robots":"","primary_category":"1098","breadcrumb_title":"","facebook_title":"","facebook_description":"","facebook_image":"","facebook_image_id":"","twitter_title":"","twitter_description":"","twitter_image":"","twitter_image_id":"","twitter_card_type":"","twitter_use_facebook":"","advanced_robots":"","pillar_content":"","seo_score":"","contentai_score":"","rich_snippet":""},"_links":{"self":[{"href":"https:\/\/dailynewshungary.com\/de\/wp-json\/wp\/v2\/posts\/769271","targetHints":{"allow":["GET"]}}],"collection":[{"href":"https:\/\/dailynewshungary.com\/de\/wp-json\/wp\/v2\/posts"}],"about":[{"href":"https:\/\/dailynewshungary.com\/de\/wp-json\/wp\/v2\/types\/post"}],"author":[{"embeddable":true,"href":"https:\/\/dailynewshungary.com\/de\/wp-json\/wp\/v2\/users\/2"}],"replies":[{"embeddable":true,"href":"https:\/\/dailynewshungary.com\/de\/wp-json\/wp\/v2\/comments?post=769271"}],"version-history":[{"count":0,"href":"https:\/\/dailynewshungary.com\/de\/wp-json\/wp\/v2\/posts\/769271\/revisions"}],"wp:featuredmedia":[{"embeddable":true,"href":"https:\/\/dailynewshungary.com\/de\/wp-json\/wp\/v2\/media\/769272"}],"wp:attachment":[{"href":"https:\/\/dailynewshungary.com\/de\/wp-json\/wp\/v2\/media?parent=769271"}],"wp:term":[{"taxonomy":"category","embeddable":true,"href":"https:\/\/dailynewshungary.com\/de\/wp-json\/wp\/v2\/categories?post=769271"},{"taxonomy":"post_tag","embeddable":true,"href":"https:\/\/dailynewshungary.com\/de\/wp-json\/wp\/v2\/tags?post=769271"}],"curies":[{"name":"wp","href":"https:\/\/api.w.org\/{rel}","templated":true}]}}