{"id":769343,"date":"2015-02-20T14:00:20","date_gmt":"2015-02-20T13:00:20","guid":{"rendered":"https:\/\/dailynewshungary.com\/de\/ungarn-osterreich-die-zusammenarbeit-bei-der-jagd-und-fischerei-zu-verscharfen\/"},"modified":"2015-02-20T14:00:20","modified_gmt":"2015-02-20T13:00:20","slug":"ungarn-osterreich-die-zusammenarbeit-bei-der-jagd-und-fischerei-zu-verscharfen","status":"publish","type":"post","link":"https:\/\/dailynewshungary.com\/de\/ungarn-osterreich-die-zusammenarbeit-bei-der-jagd-und-fischerei-zu-verscharfen\/","title":{"rendered":"Ungarn, \u00d6sterreich, die Zusammenarbeit bei der Jagd und Fischerei zu versch\u00e4rfen"},"content":{"rendered":"<p><strong>Budapest, 20. Februar (MTI) \u2013 Ungarn und \u00d6sterreich werden die Zusammenarbeit in den Bereichen Fischerei, Angeln und Aquakultur intensivieren und ihre Kr\u00e4fte bei der Interessenvertretung in Organisationen der Europ\u00e4ischen Union b\u00fcndeln, teilte das Agrarministerium am Freitag mit.<\/strong><\/p>\n<p>Darauf einigte sich der f\u00fcr Landesland zust\u00e4ndige Staatssekret\u00e4r Marton Bitay am Donnerstag mit den Staatsoberh\u00e4uptern der \u00f6sterreichischen Bundesl\u00e4nder auf der Hohen Jagd und Fischerei, einer gro\u00dfen europ\u00e4ischen Jagd- und Fischereimesse in Salzburg.<\/p>\n<blockquote>\n<p>Bitay schlug den Austausch von Berufserfahrungen im Angeltourismus vor und sie diskutierten \u00fcber die Zusammenarbeit in Forschung und Entwicklung sowie \u00fcber die Einf\u00fchrung neuer Rassen in der Fischerei in \u00d6sterreich.<\/p>\n<\/blockquote>\n<p>Bitay sammelte Informationen \u00fcber M\u00f6glichkeiten, die Jagdm\u00f6glichkeiten f\u00fcr \u00d6sterreicher in Ungarn zu erweitern, den Betrieb des \u00f6sterreichischen Jagdtroph\u00e4en-Bewertungssystems und die Wildschadenversicherung.<\/p>\n","protected":false},"excerpt":{"rendered":"<p>Budapest, 20. Februar (MTI) \u2013 Ungarn und \u00d6sterreich werden die Zusammenarbeit in den Bereichen Fischerei, Angeln und Aquakultur intensivieren und ihre Kr\u00e4fte bei der Interessenvertretung in Organisationen der Europ\u00e4ischen Union b\u00fcndeln, teilte das Agrarministerium am Freitag mit. Darauf einigte sich der f\u00fcr Landesland zust\u00e4ndige Staatssekret\u00e4r Marton Bitay am Donnerstag mit den Staatsoberh\u00e4uptern der \u00f6sterreichischen Bundesl\u00e4nder [&hellip;]<\/p>\n","protected":false},"author":2,"featured_media":769344,"comment_status":"open","ping_status":"open","sticky":false,"template":"","format":"standard","meta":{"_acf_changed":false,"_display_image":"","footnotes":""},"categories":[1219],"tags":[1232,1465,1725,1079,1076],"class_list":["post-769343","post","type-post","status-publish","format-standard","has-post-thumbnail","hentry","category-sport","tag-ausstellung","tag-austria","tag-jagd","tag-tourismus","tag-ungarn"],"blocksy_meta":[],"acf":[],"author_username":"alk","telegram_post":"","public_post_metadata":{"breaking_news":"","important":"","csempe":"","center_tile":"","disable_thumbnail":"","target_lang":"","_featured_image_style":"","telegram_post":"","_xlat_group_id":""},"public_rank_math_data":{"title":"%title% %sep% %sitename%","description":"","focus_keyword":"","canonical_url":"","robots":"","primary_category":"1219","breadcrumb_title":"","facebook_title":"","facebook_description":"","facebook_image":"","facebook_image_id":"","twitter_title":"","twitter_description":"","twitter_image":"","twitter_image_id":"","twitter_card_type":"","twitter_use_facebook":"","advanced_robots":"","pillar_content":"","seo_score":"","contentai_score":"","rich_snippet":""},"_links":{"self":[{"href":"https:\/\/dailynewshungary.com\/de\/wp-json\/wp\/v2\/posts\/769343","targetHints":{"allow":["GET"]}}],"collection":[{"href":"https:\/\/dailynewshungary.com\/de\/wp-json\/wp\/v2\/posts"}],"about":[{"href":"https:\/\/dailynewshungary.com\/de\/wp-json\/wp\/v2\/types\/post"}],"author":[{"embeddable":true,"href":"https:\/\/dailynewshungary.com\/de\/wp-json\/wp\/v2\/users\/2"}],"replies":[{"embeddable":true,"href":"https:\/\/dailynewshungary.com\/de\/wp-json\/wp\/v2\/comments?post=769343"}],"version-history":[{"count":0,"href":"https:\/\/dailynewshungary.com\/de\/wp-json\/wp\/v2\/posts\/769343\/revisions"}],"wp:featuredmedia":[{"embeddable":true,"href":"https:\/\/dailynewshungary.com\/de\/wp-json\/wp\/v2\/media\/769344"}],"wp:attachment":[{"href":"https:\/\/dailynewshungary.com\/de\/wp-json\/wp\/v2\/media?parent=769343"}],"wp:term":[{"taxonomy":"category","embeddable":true,"href":"https:\/\/dailynewshungary.com\/de\/wp-json\/wp\/v2\/categories?post=769343"},{"taxonomy":"post_tag","embeddable":true,"href":"https:\/\/dailynewshungary.com\/de\/wp-json\/wp\/v2\/tags?post=769343"}],"curies":[{"name":"wp","href":"https:\/\/api.w.org\/{rel}","templated":true}]}}