{"id":769463,"date":"2015-02-13T07:36:43","date_gmt":"2015-02-13T06:36:43","guid":{"rendered":"https:\/\/dailynewshungary.com\/de\/regierung-ebwe-deal-signalisiert-neue-finanzpolitik\/"},"modified":"2015-02-13T07:36:43","modified_gmt":"2015-02-13T06:36:43","slug":"regierung-ebwe-deal-signalisiert-neue-finanzpolitik","status":"publish","type":"post","link":"https:\/\/dailynewshungary.com\/de\/regierung-ebwe-deal-signalisiert-neue-finanzpolitik\/","title":{"rendered":"Regierung: EBWE-Deal signalisiert neue Finanzpolitik"},"content":{"rendered":"<p><strong>Budapest, 12. Februar (MTI) \u2013 Die j\u00fcngste Unterzeichnung eines Abkommens mit der Europ\u00e4ischen Bank f\u00fcr Wiederaufbau und Entwicklung (EBWE) durch die Regierung markiert den Beginn einer neuen \u00c4ra in der ungarischen Finanzpolitik, sagte Kabinettsstaatssekret\u00e4r Andras Giro-Szasz am Donnerstag gegen\u00fcber MTI.<\/strong><\/p>\n<p>Giro-Szasz sagte, die Regierung habe die ungarische Wirtschaft stabilisiert und das Problem der in Schwierigkeiten geratenen Devisenschuldner gel\u00f6st, was eine Chance geschaffen habe, die sektorale Steuer auf Banken zu senken.<\/p>\n<blockquote>\n<p>\u201eNachdem Probleme in diesen Bereichen gel\u00f6st wurden, hat dies der Regierung auch die M\u00f6glichkeit er\u00f6ffnet, ein neues Kapitel auf der Grundlage finanzieller und sozialer Stabilit\u00e4t zu beginnen, dessen wichtiger und symbolischer Schritt das EBWE-Abkommen ist\u201csagte Giro-Szasz.<\/p>\n<\/blockquote>\n<p>Ministerpr\u00e4sident Viktor Orban k\u00fcndigte am 9. Februar an, dass der ungarische Staat und die EBWE eine Beteiligung an der Erste Bank Ungarn erwerben werden, au\u00dferdem sagte er, dass die Regierung die sektorale Steuer f\u00fcr Banken in den Jahren 2016-17 deutlich senken werde, weitere Senkungen sollen 2018 folgen.<\/p>\n","protected":false},"excerpt":{"rendered":"<p>Budapest, 12. Februar (MTI) \u2013 Die j\u00fcngste Unterzeichnung eines Abkommens mit der Europ\u00e4ischen Bank f\u00fcr Wiederaufbau und Entwicklung (EBWE) durch die Regierung markiert den Beginn einer neuen \u00c4ra in der ungarischen Finanzpolitik, sagte Kabinettsstaatssekret\u00e4r Andras Giro-Szasz am Donnerstag gegen\u00fcber MTI. Giro-Szasz sagte, die Regierung habe die ungarische Wirtschaft stabilisiert und das Problem der in Schwierigkeiten [&hellip;]<\/p>\n","protected":false},"author":2,"featured_media":769464,"comment_status":"open","ping_status":"open","sticky":false,"template":"","format":"standard","meta":{"_acf_changed":false,"_display_image":"","footnotes":""},"categories":[1281],"tags":[3757,1104],"class_list":["post-769463","post","type-post","status-publish","format-standard","has-post-thumbnail","hentry","category-geschaft","tag-ebwe","tag-wirtschaft"],"blocksy_meta":[],"acf":[],"author_username":"alk","telegram_post":"","public_post_metadata":{"breaking_news":"","important":"","csempe":"","center_tile":"","disable_thumbnail":"","target_lang":"","_featured_image_style":"","telegram_post":"","_xlat_group_id":""},"public_rank_math_data":{"title":"%title% %sep% %sitename%","description":"","focus_keyword":"","canonical_url":"","robots":"","primary_category":"1281","breadcrumb_title":"","facebook_title":"","facebook_description":"","facebook_image":"","facebook_image_id":"","twitter_title":"","twitter_description":"","twitter_image":"","twitter_image_id":"","twitter_card_type":"","twitter_use_facebook":"","advanced_robots":"","pillar_content":"","seo_score":"","contentai_score":"","rich_snippet":""},"_links":{"self":[{"href":"https:\/\/dailynewshungary.com\/de\/wp-json\/wp\/v2\/posts\/769463","targetHints":{"allow":["GET"]}}],"collection":[{"href":"https:\/\/dailynewshungary.com\/de\/wp-json\/wp\/v2\/posts"}],"about":[{"href":"https:\/\/dailynewshungary.com\/de\/wp-json\/wp\/v2\/types\/post"}],"author":[{"embeddable":true,"href":"https:\/\/dailynewshungary.com\/de\/wp-json\/wp\/v2\/users\/2"}],"replies":[{"embeddable":true,"href":"https:\/\/dailynewshungary.com\/de\/wp-json\/wp\/v2\/comments?post=769463"}],"version-history":[{"count":0,"href":"https:\/\/dailynewshungary.com\/de\/wp-json\/wp\/v2\/posts\/769463\/revisions"}],"wp:featuredmedia":[{"embeddable":true,"href":"https:\/\/dailynewshungary.com\/de\/wp-json\/wp\/v2\/media\/769464"}],"wp:attachment":[{"href":"https:\/\/dailynewshungary.com\/de\/wp-json\/wp\/v2\/media?parent=769463"}],"wp:term":[{"taxonomy":"category","embeddable":true,"href":"https:\/\/dailynewshungary.com\/de\/wp-json\/wp\/v2\/categories?post=769463"},{"taxonomy":"post_tag","embeddable":true,"href":"https:\/\/dailynewshungary.com\/de\/wp-json\/wp\/v2\/tags?post=769463"}],"curies":[{"name":"wp","href":"https:\/\/api.w.org\/{rel}","templated":true}]}}