{"id":769513,"date":"2015-02-10T20:32:36","date_gmt":"2015-02-10T19:32:36","guid":{"rendered":"https:\/\/dailynewshungary.com\/de\/raiffeisen-zum-optimieren-des-ungarischen-geschafts\/"},"modified":"2015-02-10T20:32:36","modified_gmt":"2015-02-10T19:32:36","slug":"raiffeisen-zum-optimieren-des-ungarischen-geschafts","status":"publish","type":"post","link":"https:\/\/dailynewshungary.com\/de\/raiffeisen-zum-optimieren-des-ungarischen-geschafts\/","title":{"rendered":"Raiffeisen zum \u201cOptimieren\u201d des ungarischen Gesch\u00e4fts"},"content":{"rendered":"<p><strong>Wien, 10. Februar (MTI) \u2013 Der Vorstandsvorsitzende Karl Sevelda von der \u00f6sterreichischen Raiffeisen Bank International sagte am Dienstag in Wien, dass die Bank einige Filialen in Ungarn schlie\u00dfen und sich mehr auf Firmenkunden und Premium-Privatkunden konzentrieren werde.<\/strong><\/p>\n<p>Der ungarische Markt sei viel zu wichtig, um aufzugeben, und Raiffeisen plane, seine Gesch\u00e4ftst\u00e4tigkeit in Ungarn als rationalisierte Universalbank fortzusetzen, f\u00fcgte er hinzu.<\/p>\n<p>Raiffeisen beschloss, eine Reihe von Ma\u00dfnahmen zur Verbesserung seiner Kapitalpositionen zu ergreifen, darunter den Verkauf polnischer und slowenischer Tochtergesellschaften und die Reduzierung oder Einstellung der US-amerikanischen und asiatischen Aktivit\u00e4ten. Gleichzeitig plant die Bank eine Expansion auf dem \u00f6sterreichischen, slowakischen, rum\u00e4nischen, tschechischen und Balkanmarkt.<\/p>\n<p>Die Bank sagte am sp\u00e4ten Montag, dass sie ihr Gesch\u00e4ft in Ungarn \u201coptimieren\u201d werde.<\/p>\n<p>\u201eIn Ungarn wird eine weitere Optimierung des Betriebs vorgenommen,\u201csagte RBI in einer ver\u00f6ffentlichten Ank\u00fcndigung mit den vorl\u00e4ufigen Ergebnissen f\u00fcr das letzte Jahr.<\/p>\n<p>In derselben Ank\u00fcndigung sagte RBI, dass es sein Engagement auf dem russischen Markt reduzieren werde.<\/p>\n","protected":false},"excerpt":{"rendered":"<p>Wien, 10. Februar (MTI) \u2013 Der Vorstandsvorsitzende Karl Sevelda von der \u00f6sterreichischen Raiffeisen Bank International sagte am Dienstag in Wien, dass die Bank einige Filialen in Ungarn schlie\u00dfen und sich mehr auf Firmenkunden und Premium-Privatkunden konzentrieren werde. Der ungarische Markt sei viel zu wichtig, um aufzugeben, und Raiffeisen plane, seine Gesch\u00e4ftst\u00e4tigkeit in Ungarn als rationalisierte [&hellip;]<\/p>\n","protected":false},"author":2,"featured_media":769514,"comment_status":"open","ping_status":"open","sticky":false,"template":"","format":"standard","meta":{"_acf_changed":false,"_display_image":"","footnotes":""},"categories":[1281],"tags":[1066],"class_list":["post-769513","post","type-post","status-publish","format-standard","has-post-thumbnail","hentry","category-geschaft","tag-hungary"],"blocksy_meta":[],"acf":[],"author_username":"alk","telegram_post":"","public_post_metadata":{"breaking_news":"","important":"","csempe":"","center_tile":"","disable_thumbnail":"","target_lang":"","_featured_image_style":"","telegram_post":"","_xlat_group_id":""},"public_rank_math_data":{"title":"%title% %sep% %sitename%","description":"","focus_keyword":"","canonical_url":"","robots":"","primary_category":"1281","breadcrumb_title":"","facebook_title":"","facebook_description":"","facebook_image":"","facebook_image_id":"","twitter_title":"","twitter_description":"","twitter_image":"","twitter_image_id":"","twitter_card_type":"","twitter_use_facebook":"","advanced_robots":"","pillar_content":"","seo_score":"","contentai_score":"","rich_snippet":""},"_links":{"self":[{"href":"https:\/\/dailynewshungary.com\/de\/wp-json\/wp\/v2\/posts\/769513","targetHints":{"allow":["GET"]}}],"collection":[{"href":"https:\/\/dailynewshungary.com\/de\/wp-json\/wp\/v2\/posts"}],"about":[{"href":"https:\/\/dailynewshungary.com\/de\/wp-json\/wp\/v2\/types\/post"}],"author":[{"embeddable":true,"href":"https:\/\/dailynewshungary.com\/de\/wp-json\/wp\/v2\/users\/2"}],"replies":[{"embeddable":true,"href":"https:\/\/dailynewshungary.com\/de\/wp-json\/wp\/v2\/comments?post=769513"}],"version-history":[{"count":0,"href":"https:\/\/dailynewshungary.com\/de\/wp-json\/wp\/v2\/posts\/769513\/revisions"}],"wp:featuredmedia":[{"embeddable":true,"href":"https:\/\/dailynewshungary.com\/de\/wp-json\/wp\/v2\/media\/769514"}],"wp:attachment":[{"href":"https:\/\/dailynewshungary.com\/de\/wp-json\/wp\/v2\/media?parent=769513"}],"wp:term":[{"taxonomy":"category","embeddable":true,"href":"https:\/\/dailynewshungary.com\/de\/wp-json\/wp\/v2\/categories?post=769513"},{"taxonomy":"post_tag","embeddable":true,"href":"https:\/\/dailynewshungary.com\/de\/wp-json\/wp\/v2\/tags?post=769513"}],"curies":[{"name":"wp","href":"https:\/\/api.w.org\/{rel}","templated":true}]}}