{"id":769529,"date":"2015-02-09T22:50:18","date_gmt":"2015-02-09T21:50:18","guid":{"rendered":"https:\/\/dailynewshungary.com\/de\/orban-regierung-kauft-anteile-im-ersten-und-senkt-die-bankabgabe\/"},"modified":"2015-02-09T22:50:18","modified_gmt":"2015-02-09T21:50:18","slug":"orban-regierung-kauft-anteile-im-ersten-und-senkt-die-bankabgabe","status":"publish","type":"post","link":"https:\/\/dailynewshungary.com\/de\/orban-regierung-kauft-anteile-im-ersten-und-senkt-die-bankabgabe\/","title":{"rendered":"Orban: Regierung kauft Anteile im Ersten und senkt die Bankabgabe"},"content":{"rendered":"<p><strong>Budapest, 9. Februar (MTI) \u2013 Der ungarische Staat und die Europ\u00e4ische Bank f\u00fcr Wiederaufbau und Entwicklung (EBWE) werden eine Beteiligung an der Erste Bank Ungarn erwerben, gab Premierminister Viktor Orban am Montag bekannt, nachdem er eine Vereinbarung mit den F\u00fchrern der Banken unterzeichnet hatte.<\/strong><\/p>\n<p>Orban sagte auch, dass die Regierung \u201cdeutlich\u201d die sektorale Steuer auf Banken in 2016-17 reduzieren wird, mit weiteren Reduzierungen folgen in 2018 Er sagte, dass in 2016 die Sondersteuer um insgesamt 60 Milliarden Forint (EUR 195 m) reduziert werden w\u00fcrde, der Satz der Steuer, sowie Berechnung der Steuerbemessungsgrundlage w\u00fcrde sich ebenfalls \u00e4ndern, f\u00fcgte der Premierminister hinzu.<\/p>\n<p>Die 2010 als \u201cKrisensteuer\u201d eingef\u00fchrte Bankenabgabe erbrachte Einnahmen von etwas mehr als dem 144 Milliarden Forint-Ziel im vergangenen Jahr, auch in diesem Jahr ist das Ziel dasselbe.<\/p>\n<p>Orban sagte, dass die Steuer 2017 in geringerem Ma\u00dfe gesenkt werde und die Regierung im Rahmen des Abkommens ihre Bem\u00fchungen fortsetzen werde, sie \u201cn\u00e4her auf das Niveau zu bringen, das in Europa allgemein angewendet wird\u201d Nach den ersten beiden Jahren der Senkungen werde die ungarische Bankensteuer jedoch immer noch die h\u00f6chste sein, knapp vor der der Slowakei, f\u00fcgte er hinzu.<\/p>\n<p>Wirtschaftsminister Mihaly Varga \u201cberechen seit langen Wochen\u201d und kam zu dem Schluss, dass die Tragf\u00e4higkeit und das Wachstumspotenzial der ungarischen Wirtschaft es dem Haushalt erm\u00f6glichen w\u00fcrden, die niedrigere Bankensteuer \u201czu dulden\u201d und auch die Maastricht-Kriterien zu erf\u00fcllen, sagte Orban.<\/p>\n<p>Der Premierminister f\u00fcgte hinzu, dass Ungarn 2010 unter schwierigen Bedingungen den Ausweg aus der europ\u00e4ischen Finanzkrise finden m\u00fcsse und zu diesem Zeitpunkt nur wenige seine Position \u00fcber die richtige Methode zur Krisenbew\u00e4ltigung teilten.<\/p>\n<p>Als die Bankensteuer eingef\u00fchrt wurde, habe Ungarn die Akteure des Bankensektors gebeten, dem Land bei der Bew\u00e4ltigung der Folgen der Finanzkrise zu helfen, sagte OrbanDie Banken, die damals in Ungarn t\u00e4tig waren, haben das verstanden und fair gehandelt, wobei sie sich an die Vorschriften hielten, auch wenn sie damit nicht einverstanden warenf\u00fcgte er hinzu.<\/p>\n<p>Die Vereinbarung vom Montag zeigt, dass \u201edie Zeit gekommen ist, in der wir versuchen k\u00f6nnen, ein neues Kapitel in unserer Zusammenarbeit mit dem europ\u00e4ischen Bankensektor aufzuschlagen\u201csagte Orban. \u201eDer Erste wird auch eine ungarische Bank werden, von der die Regierung hofft, dass sie ihre Positionen mit der in dieser Vereinbarung vorgesehenen Aufstockung der Mittel nicht nur aufrechterh\u00e4lt, sondern auch festigt, sagte er.<\/p>\n<p>Unterdessen sagte Andreas Treichl, CEO der Erste Group, dass dem Staat Ungarn und der EBWE im Rahmen der am Montag unterzeichneten Vereinbarung jeweils 15 Prozent der Anteile am Ungarngesch\u00e4ft der Erste Group angeboten wurden.<\/p>\n<p>Treichl sagte, es sei immer noch nicht klar, ob die Anteile durch Kapitalzuf\u00fchrungen gekauft oder erworben w\u00fcrden.<\/p>\n<p>Orban sagte, die H\u00f6he des Anteils, den der Staat erwerben w\u00fcrde, w\u00fcrde von der Sorgfaltspflicht abh\u00e4ngen, aber in ihrem Umfang dem der EBWE \u00e4hneln, \u201eunter der Bedingung, dass wir hinsichtlich des Preises einer Meinung sind\u201cund andere Details.<\/p>\n<p>Das Memorandum of Understanding (MoU), in dem sich Ungarn zur Senkung der Bankabgabe verpflichtete, wurde von Orban, Treichl und EBWE-Pr\u00e4sident Suma Chakrabarti unterzeichnet.<\/p>\n<p>\u201e[Die Unterzeichnung des MoU] ist eine Anerkennung der ungarischen Regierung, dass es an der Zeit ist, die Steuerlast f\u00fcr den Bankensektor schrittweise zu verringern, da die Schritte zur Bew\u00e4ltigung des Problems der Fremdw\u00e4hrungskredite unternommen wurden und die Wirtschaft Anzeichen einer nachhaltigen Erholung zeigt.\u201cum ein stabiles Umfeld zu schaffen und das Gesch\u00e4ftsklima in der Branche zu verbessern, damit sie mehr Kreditvergabe und damit Wirtschaftswachstum unterst\u00fctzen kann, sagte die Erste Group.<\/p>\n<p>In der Vereinbarung erkl\u00e4rte die ungarische Regierung, sie \u201ebeabsichtige nicht, direkte oder indirekte Mehrheitsbeteiligungen an systemrelevanten lokalen Banken zu \u00fcbernehmen [..] und sei verpflichtet, alle direkten und indirekten Mehrheitsbeteiligungen, die sie derzeit an lokalen Banken h\u00e4lt, an die zu \u00fcbertragen.\u201cPrivatsektor innerhalb der n\u00e4chsten drei Jahre\u201d, sagte die Erste Group unter Berufung auf das MoU.<\/p>\n<p>Das MoU sieht eine erhebliche Senkung der Bankabgabe im Zeitraum 2016-2019 vor und geht die Herausforderung notleidender Kredite auf eine Weise an, die im Einklang mit internationalen Best Practices steht, sagte die Erste Group.<\/p>\n<p>Ungarn verpflichtet sich au\u00dferdem, \u201cvon der Umsetzung neuer Gesetze oder Ma\u00dfnahmen abzusehen, die sich negativ auf die Rentabilit\u00e4t des Bankensektors auswirken k\u00f6nnen\u201d und f\u00fcr \u201cfairen Wettbewerb zwischen allen am Markt t\u00e4tigen Finanzinstituten und Gleichbehandlung aller\u201d im Land zu sorgen, so die Erste Group unter Berufung auf das MoU.<\/p>\n<p>Um ihre Unterst\u00fctzung f\u00fcr die ungarische Wirtschaft zu verst\u00e4rken, wird die Erste Bank Ungarn laut Erkl\u00e4rung der Erste Group \u00fcber einen Zeitraum von drei Jahren mehrere Programme einf\u00fchren. Dabei handelt es sich um ein Darlehensauszahlungsprogramm in H\u00f6he von 250 Millionen Euro, einschlie\u00dflich eines vollst\u00e4ndigen Finanzpakets f\u00fcr Besch\u00e4ftigte im \u00f6ffentlichen Dienst, eines 100-Millionen-Euro-Kreditpakets und eines Energieeffizienzprogramms sowie einer Darlehensfazilit\u00e4t f\u00fcr 200 Millionen Euro an landwirtschaftliche Prim\u00e4rproduzenten, hei\u00dft es in der Erkl\u00e4rung.<\/p>\n<p><em>Foto: MTI<\/em><\/p>\n","protected":false},"excerpt":{"rendered":"<p>Budapest, 9. Februar (MTI) \u2013 Der ungarische Staat und die Europ\u00e4ische Bank f\u00fcr Wiederaufbau und Entwicklung (EBWE) werden eine Beteiligung an der Erste Bank Ungarn erwerben, gab Premierminister Viktor Orban am Montag bekannt, nachdem er eine Vereinbarung mit den F\u00fchrern der Banken unterzeichnet hatte. Orban sagte auch, dass die Regierung \u201cdeutlich\u201d die sektorale Steuer auf [&hellip;]<\/p>\n","protected":false},"author":2,"featured_media":769530,"comment_status":"open","ping_status":"open","sticky":false,"template":"","format":"standard","meta":{"_acf_changed":false,"_display_image":"","footnotes":""},"categories":[1281],"tags":[1128],"class_list":["post-769529","post","type-post","status-publish","format-standard","has-post-thumbnail","hentry","category-geschaft","tag-viktor-orban"],"blocksy_meta":[],"acf":[],"author_username":"alk","telegram_post":"","public_post_metadata":{"breaking_news":"","important":"","csempe":"","center_tile":"","disable_thumbnail":"","target_lang":"","_featured_image_style":"","telegram_post":"","_xlat_group_id":""},"public_rank_math_data":{"title":"%title% %sep% %sitename%","description":"","focus_keyword":"","canonical_url":"","robots":"","primary_category":"1281","breadcrumb_title":"","facebook_title":"","facebook_description":"","facebook_image":"","facebook_image_id":"","twitter_title":"","twitter_description":"","twitter_image":"","twitter_image_id":"","twitter_card_type":"","twitter_use_facebook":"","advanced_robots":"","pillar_content":"","seo_score":"","contentai_score":"","rich_snippet":""},"_links":{"self":[{"href":"https:\/\/dailynewshungary.com\/de\/wp-json\/wp\/v2\/posts\/769529","targetHints":{"allow":["GET"]}}],"collection":[{"href":"https:\/\/dailynewshungary.com\/de\/wp-json\/wp\/v2\/posts"}],"about":[{"href":"https:\/\/dailynewshungary.com\/de\/wp-json\/wp\/v2\/types\/post"}],"author":[{"embeddable":true,"href":"https:\/\/dailynewshungary.com\/de\/wp-json\/wp\/v2\/users\/2"}],"replies":[{"embeddable":true,"href":"https:\/\/dailynewshungary.com\/de\/wp-json\/wp\/v2\/comments?post=769529"}],"version-history":[{"count":0,"href":"https:\/\/dailynewshungary.com\/de\/wp-json\/wp\/v2\/posts\/769529\/revisions"}],"wp:featuredmedia":[{"embeddable":true,"href":"https:\/\/dailynewshungary.com\/de\/wp-json\/wp\/v2\/media\/769530"}],"wp:attachment":[{"href":"https:\/\/dailynewshungary.com\/de\/wp-json\/wp\/v2\/media?parent=769529"}],"wp:term":[{"taxonomy":"category","embeddable":true,"href":"https:\/\/dailynewshungary.com\/de\/wp-json\/wp\/v2\/categories?post=769529"},{"taxonomy":"post_tag","embeddable":true,"href":"https:\/\/dailynewshungary.com\/de\/wp-json\/wp\/v2\/tags?post=769529"}],"curies":[{"name":"wp","href":"https:\/\/api.w.org\/{rel}","templated":true}]}}