{"id":769567,"date":"2015-02-06T20:09:33","date_gmt":"2015-02-06T19:09:33","guid":{"rendered":"https:\/\/dailynewshungary.com\/de\/medienkrieg-in-ungarn-simicska-wird-hirtv-chef\/"},"modified":"2015-02-06T20:09:33","modified_gmt":"2015-02-06T19:09:33","slug":"medienkrieg-in-ungarn-simicska-wird-hirtv-chef","status":"publish","type":"post","link":"https:\/\/dailynewshungary.com\/de\/medienkrieg-in-ungarn-simicska-wird-hirtv-chef\/","title":{"rendered":"Medienkrieg in Ungarn \u2013 Simicska wird HirTV-Chef"},"content":{"rendered":"<p><strong>Budapest, 6. Februar (MTI) \u2013 Lajos Simicska wird k\u00fcnftig das Unternehmen leiten, das den kommerziellen HirTV leitet, gab der Gesch\u00e4ftsmann am Freitag bekannt, nachdem die mit ihm verbundenen Chefs mehrerer Medien fr\u00fcher am Tag von ihren \u00c4mtern zur\u00fcckgetreten waren.<\/strong><\/p>\n<p>Im Gespr\u00e4ch mit dem Whistleblower-Portal atlatszo.hu f\u00fcgte Simicska hinzu, dass Gabor D. Horvath Chefredakteur der Tageszeitung Magyar Nemzet werden werde.<\/p>\n<p>Personen in Spitzenpositionen von Magyar Nemzet, Magyar Nemzet Online, HirTV und Lanchid Radio gaben am fr\u00fchen Nachmittag ihren R\u00fccktritt bekannt und verwiesen auf \u201cGedankengr\u00fcnde\u201d f\u00fcr ihren R\u00fccktritt.<\/p>\n<p>Simicska sagte dem Nachrichtenportal Index, dass die Ank\u00fcndigung \u00fcberraschend gekommen sei, ohne vorherige R\u00fccksprache mit ihm Atv.hu zitierte ihn mit den Worten, dass er ihren Schritt f\u00fcr \u201cTreachery\u201d halte und dass er \u201cbet\u00e4ubt\u201d sei.<\/p>\n<p>Am Donnerstag sagte Simicska der Online-Version der linksgerichteten Tageszeitung Nepszava, dass die Senkung der Werbesteuer durch die Regierung auf f\u00fcnf Prozent, aber deren Einf\u00fchrung auf weitere Themen zu einem \u201ctotalen Medienkrieg\u201d f\u00fchren k\u00f6nnte.<\/p>\n<p>Foto: pixabay.com<\/p>\n","protected":false},"excerpt":{"rendered":"<p>Budapest, 6. Februar (MTI) \u2013 Lajos Simicska wird k\u00fcnftig das Unternehmen leiten, das den kommerziellen HirTV leitet, gab der Gesch\u00e4ftsmann am Freitag bekannt, nachdem die mit ihm verbundenen Chefs mehrerer Medien fr\u00fcher am Tag von ihren \u00c4mtern zur\u00fcckgetreten waren. Im Gespr\u00e4ch mit dem Whistleblower-Portal atlatszo.hu f\u00fcgte Simicska hinzu, dass Gabor D. Horvath Chefredakteur der Tageszeitung [&hellip;]<\/p>\n","protected":false},"author":2,"featured_media":769568,"comment_status":"open","ping_status":"open","sticky":false,"template":"","format":"standard","meta":{"_acf_changed":false,"_display_image":"","footnotes":""},"categories":[1081],"tags":[1091,1207],"class_list":["post-769567","post","type-post","status-publish","format-standard","has-post-thumbnail","hentry","category-politik","tag-fidesz","tag-medien"],"blocksy_meta":[],"acf":[],"author_username":"alk","telegram_post":"","public_post_metadata":{"breaking_news":"","important":"","csempe":"","center_tile":"","disable_thumbnail":"","target_lang":"","_featured_image_style":"","telegram_post":"","_xlat_group_id":""},"public_rank_math_data":{"title":"%title% %sep% %sitename%","description":"","focus_keyword":"","canonical_url":"","robots":"","primary_category":"1081","breadcrumb_title":"","facebook_title":"","facebook_description":"","facebook_image":"","facebook_image_id":"","twitter_title":"","twitter_description":"","twitter_image":"","twitter_image_id":"","twitter_card_type":"","twitter_use_facebook":"","advanced_robots":"","pillar_content":"","seo_score":"","contentai_score":"","rich_snippet":""},"_links":{"self":[{"href":"https:\/\/dailynewshungary.com\/de\/wp-json\/wp\/v2\/posts\/769567","targetHints":{"allow":["GET"]}}],"collection":[{"href":"https:\/\/dailynewshungary.com\/de\/wp-json\/wp\/v2\/posts"}],"about":[{"href":"https:\/\/dailynewshungary.com\/de\/wp-json\/wp\/v2\/types\/post"}],"author":[{"embeddable":true,"href":"https:\/\/dailynewshungary.com\/de\/wp-json\/wp\/v2\/users\/2"}],"replies":[{"embeddable":true,"href":"https:\/\/dailynewshungary.com\/de\/wp-json\/wp\/v2\/comments?post=769567"}],"version-history":[{"count":0,"href":"https:\/\/dailynewshungary.com\/de\/wp-json\/wp\/v2\/posts\/769567\/revisions"}],"wp:featuredmedia":[{"embeddable":true,"href":"https:\/\/dailynewshungary.com\/de\/wp-json\/wp\/v2\/media\/769568"}],"wp:attachment":[{"href":"https:\/\/dailynewshungary.com\/de\/wp-json\/wp\/v2\/media?parent=769567"}],"wp:term":[{"taxonomy":"category","embeddable":true,"href":"https:\/\/dailynewshungary.com\/de\/wp-json\/wp\/v2\/categories?post=769567"},{"taxonomy":"post_tag","embeddable":true,"href":"https:\/\/dailynewshungary.com\/de\/wp-json\/wp\/v2\/tags?post=769567"}],"curies":[{"name":"wp","href":"https:\/\/api.w.org\/{rel}","templated":true}]}}