{"id":769605,"date":"2015-02-04T13:43:20","date_gmt":"2015-02-04T12:43:20","guid":{"rendered":"https:\/\/dailynewshungary.com\/de\/spiceco-erinnert-sich-an-szeged-sweet-hungarian-paprika-in-den-usa\/"},"modified":"2015-02-04T13:43:20","modified_gmt":"2015-02-04T12:43:20","slug":"spiceco-erinnert-sich-an-szeged-sweet-hungarian-paprika-in-den-usa","status":"publish","type":"post","link":"https:\/\/dailynewshungary.com\/de\/spiceco-erinnert-sich-an-szeged-sweet-hungarian-paprika-in-den-usa\/","title":{"rendered":"Spiceco erinnert sich an Szeged Sweet Hungarian Paprika in den USA"},"content":{"rendered":"<p><strong>Washington DC, 3. Februar (MTI) \u2013 Das US-Unternehmen Spiceco ruft den Pride of Szeged Sweet Hungarian Paprika zur\u00fcck, weil er m\u00f6glicherweise Erdn\u00fcsse enth\u00e4lt, ein Allergen, das nicht auf dem Etikett aufgef\u00fchrt ist, berichteten mehrere US-Nachrichtenportale.<\/strong><\/p>\n<p>Das in New Jersey ans\u00e4ssige Unternehmen verkaufte das Produkt zwischen dem 18. September 2014 und dem 13. Oktober 2014 in einer 142-Gramm-Verpackung an H\u00e4ndler in Illinois, New Jersey, Connecticut, Michigan, Florida, New York, Ohio, Kalifornien und Virginia.<\/p>\n<p>Bisher wurden keine Krankheiten oder allergischen Reaktionen gemeldet, Kunden, die das Produkt gekauft haben, werden jedoch gebeten, es gegen R\u00fcckerstattung an den Kaufort zur\u00fcckzugeben.<\/p>\n","protected":false},"excerpt":{"rendered":"<p>Washington DC, 3. Februar (MTI) \u2013 Das US-Unternehmen Spiceco ruft den Pride of Szeged Sweet Hungarian Paprika zur\u00fcck, weil er m\u00f6glicherweise Erdn\u00fcsse enth\u00e4lt, ein Allergen, das nicht auf dem Etikett aufgef\u00fchrt ist, berichteten mehrere US-Nachrichtenportale. Das in New Jersey ans\u00e4ssige Unternehmen verkaufte das Produkt zwischen dem 18. September 2014 und dem 13. Oktober 2014 in [&hellip;]<\/p>\n","protected":false},"author":2,"featured_media":769606,"comment_status":"open","ping_status":"open","sticky":false,"template":"","format":"standard","meta":{"_acf_changed":false,"_display_image":"","footnotes":""},"categories":[1281],"tags":[1107,1175,1386,1076,1157],"class_list":["post-769605","post","type-post","status-publish","format-standard","has-post-thumbnail","hentry","category-geschaft","tag-gesundheit","tag-lebensmittel","tag-szeged","tag-ungarn","tag-vereinigte-staaten"],"blocksy_meta":[],"acf":[],"author_username":"alk","telegram_post":"","public_post_metadata":{"breaking_news":"","important":"","csempe":"","center_tile":"","disable_thumbnail":"","target_lang":"","_featured_image_style":"","telegram_post":"","_xlat_group_id":""},"public_rank_math_data":{"title":"%title% %sep% %sitename%","description":"","focus_keyword":"","canonical_url":"","robots":"","primary_category":"1281","breadcrumb_title":"","facebook_title":"","facebook_description":"","facebook_image":"","facebook_image_id":"","twitter_title":"","twitter_description":"","twitter_image":"","twitter_image_id":"","twitter_card_type":"","twitter_use_facebook":"","advanced_robots":"","pillar_content":"","seo_score":"","contentai_score":"","rich_snippet":""},"_links":{"self":[{"href":"https:\/\/dailynewshungary.com\/de\/wp-json\/wp\/v2\/posts\/769605","targetHints":{"allow":["GET"]}}],"collection":[{"href":"https:\/\/dailynewshungary.com\/de\/wp-json\/wp\/v2\/posts"}],"about":[{"href":"https:\/\/dailynewshungary.com\/de\/wp-json\/wp\/v2\/types\/post"}],"author":[{"embeddable":true,"href":"https:\/\/dailynewshungary.com\/de\/wp-json\/wp\/v2\/users\/2"}],"replies":[{"embeddable":true,"href":"https:\/\/dailynewshungary.com\/de\/wp-json\/wp\/v2\/comments?post=769605"}],"version-history":[{"count":0,"href":"https:\/\/dailynewshungary.com\/de\/wp-json\/wp\/v2\/posts\/769605\/revisions"}],"wp:featuredmedia":[{"embeddable":true,"href":"https:\/\/dailynewshungary.com\/de\/wp-json\/wp\/v2\/media\/769606"}],"wp:attachment":[{"href":"https:\/\/dailynewshungary.com\/de\/wp-json\/wp\/v2\/media?parent=769605"}],"wp:term":[{"taxonomy":"category","embeddable":true,"href":"https:\/\/dailynewshungary.com\/de\/wp-json\/wp\/v2\/categories?post=769605"},{"taxonomy":"post_tag","embeddable":true,"href":"https:\/\/dailynewshungary.com\/de\/wp-json\/wp\/v2\/tags?post=769605"}],"curies":[{"name":"wp","href":"https:\/\/api.w.org\/{rel}","templated":true}]}}