{"id":769639,"date":"2015-02-02T07:30:19","date_gmt":"2015-02-02T06:30:19","guid":{"rendered":"https:\/\/dailynewshungary.com\/de\/demonstranten-in-budapest-fordern-ein-europaisches-ungarn\/"},"modified":"2015-02-02T07:30:19","modified_gmt":"2015-02-02T06:30:19","slug":"demonstranten-in-budapest-fordern-ein-europaisches-ungarn","status":"publish","type":"post","link":"https:\/\/dailynewshungary.com\/de\/demonstranten-in-budapest-fordern-ein-europaisches-ungarn\/","title":{"rendered":"Demonstranten in Budapest fordern \u201cein europ\u00e4isches Ungarn\u201d"},"content":{"rendered":"<p><strong>Budapest (MTI) \u2013 Ein paar tausend Demonstranten versammelten sich am Sonntagnachmittag in Budapest zu einer Veranstaltung namens Spring Comes (Orban Goes! \u201eDemonstration f\u00fcr ein europ\u00e4isches Ungarn.<\/strong><\/p>\n<p>Die Demonstration in der N\u00e4he des Parlamentsgeb\u00e4udes wurde von den Hunderttausend gegen die Internetsteuer und den 60.000 f\u00fcr ihre Facebook-Gruppen f\u00fcr private Renten organisiert.<\/p>\n<p><a href=\"https:\/\/dailynewshungary.com\/wp-content\/uploads\/2015\/02\/Download-14.jpg\" data-pswp-width=\"\" data-pswp-height=\"\" data-cropped=\"true\"><img loading=\"lazy\" decoding=\"async\" class=\" size-medium wp-image-13942 alignright\" src=\"https:\/\/dailynewshungary.com\/wp-content\/uploads\/2015\/02\/Download-14-200x300.jpg\" alt=\"Herunterladen (14)\" width=\"200\" height=\"300\" srcset=\"https:\/\/contentf5.dailynewshungary.com\/wp-content\/uploads\/2015\/02\/Download-14-200x300.jpg 200w, https:\/\/contentf5.dailynewshungary.com\/wp-content\/uploads\/2015\/02\/Download-14.jpg 399w\" sizes=\"auto, (max-width: 200px) 100vw, 200px\"><\/a>Balazs Gulyas, ein Aktivist der Hunderttausend gegen die Internetsteuer-Gruppe, sagte der Menge, dass die Machthaber infolge der Demonstrationen in mehreren Bereichen einen R\u00fcckzieher gemacht h\u00e4tten.<\/p>\n<p>Es sei zum Teil diesen Demonstrationen zu verdanken, dass von der deutschen Bundeskanzlerin Angela Merkel nicht erwartet werde, dass sie am Montag auf ihrer Reise vom Flughafen nach Budapest eine Autobahnplakette kaufe, sagte er unter Hinweis auf die j\u00fcngsten Proteste gegen das neue Autobahnplakettensystem.<\/p>\n<p>Gulyas sagte, die Kleinbahn von Felcsut sei heute wichtiger als die Sanierung der dritten U-Bahn-Linie oder des zerfallenden Tunnels am Budapester S\u00fcdbahnhof. Er bemerkte, dass an diesem Tag 1946 die Republik ausgerufen wurde, die dann aufgrund des sowjetischen Einflusses aufgrund der Macht der Roten Armee und eines Netzwerks von KGB-Spionen eingestellt wurde.<\/p>\n<blockquote>\n<p>\u201cUnd heute wird Russland von einem ehemaligen KGB-Spion regiert, und Viktor Orban treibt Ungarn in die Abh\u00e4ngigkeit von diesem KGB-Spion Viktor, wir wollen nicht die fr\u00f6hlichste Baracke von Rosatom und Gazprom werden\u201d, sagte er.<\/p>\n<\/blockquote>\n<p>Sandor Szekely, Vorsitzender der Ungarischen Solidarit\u00e4tsbewegung, sagte, Orban sei in der Lage gewesen, an die Macht zu gelangen, indem er sich des Elitismus und der wirtschaftlichen und sozialen Blindheit der linksliberalen Regierungen vor 2010 bediente. Und sie bemerkten nicht, dass sie nicht mit einem politischen Gegner, sondern mit einer \u201cBande von Kriminellen k\u00e4mpften, die das ganze Land in Besitz nehmen will\u201d.<\/p>\n<p>Die Philosophin Agnes Heller sagte, Diktaturen k\u00f6nnten gedeihen, wenn die B\u00fcrger sich nicht politisch engagieren, \u201ewenn sie nur Befehle erf\u00fcllen und sich ducken&#8230;\u201caber nichts tun, um ihr Leben zu verbessern\u201d.<\/p>\n<p>Sie forderte die Menschen auf, zusammenzukommen, \u00f6ffentliche Angelegenheiten zu diskutieren und zu erkennen, dass die Zukunft des Landes von ihnen abh\u00e4ngt.<\/p>\n<p>Medienexperte Ferenc Hammer, Mitglied des Bildungsnetzwerks, sagte, das derzeitige System vergeude eine gemeinsame Zukunft, weil beispielsweise der Ausbau des Atomkraftwerks Paks \u201esogar von unseren Enkelkindern\u201cbezahlt werden m\u00fcsse. \u201eJede demokratische Kraft muss einen Plan haben.\u201d Im Moment und so kann Fidesz verdr\u00e4ngt werden, f\u00fcgte er hinzu.<\/p>\n<p>Die Teilnehmer der Demonstration schwenkten Flaggen der Europ\u00e4ischen Union und Ungarns sowie Nationalflaggen, auf denen die 12 Sterne der Europ\u00e4ischen Union in der Mitte zu sehen waren.<\/p>\n<p>Sie hielten Plakate mit der Aufschrift \u201cKlaue nicht, betr\u00fcge nicht, l\u00fcge nicht, weil die Regierung sich keine Konkurrenten gefallen lassen wird\u201d und \u00e4hnlichen Aussagen.<\/p>\n<p>In einer Ecke des Platzes schwenkte eine kleine Gruppe von Anti-EU-Demonstranten Fahnen mit Arpad-Streifen.<\/p>\n<p><em>Foto: MTI<\/em><\/p>\n","protected":false},"excerpt":{"rendered":"<p>Budapest (MTI) \u2013 Ein paar tausend Demonstranten versammelten sich am Sonntagnachmittag in Budapest zu einer Veranstaltung namens Spring Comes (Orban Goes! \u201eDemonstration f\u00fcr ein europ\u00e4isches Ungarn. Die Demonstration in der N\u00e4he des Parlamentsgeb\u00e4udes wurde von den Hunderttausend gegen die Internetsteuer und den 60.000 f\u00fcr ihre Facebook-Gruppen f\u00fcr private Renten organisiert. Balazs Gulyas, ein Aktivist der [&hellip;]<\/p>\n","protected":false},"author":2,"featured_media":769640,"comment_status":"open","ping_status":"open","sticky":false,"template":"","format":"standard","meta":{"_acf_changed":false,"_display_image":"","footnotes":""},"categories":[1081],"tags":[1266],"class_list":["post-769639","post","type-post","status-publish","format-standard","has-post-thumbnail","hentry","category-politik","tag-demonstration"],"blocksy_meta":[],"acf":[],"author_username":"alk","telegram_post":"","public_post_metadata":{"breaking_news":"","important":"","csempe":"","center_tile":"","disable_thumbnail":"","target_lang":"","_featured_image_style":"","telegram_post":"","_xlat_group_id":""},"public_rank_math_data":{"title":"%title% %sep% %sitename%","description":"","focus_keyword":"","canonical_url":"","robots":"","primary_category":"1081","breadcrumb_title":"","facebook_title":"","facebook_description":"","facebook_image":"","facebook_image_id":"","twitter_title":"","twitter_description":"","twitter_image":"","twitter_image_id":"","twitter_card_type":"","twitter_use_facebook":"","advanced_robots":"","pillar_content":"","seo_score":"","contentai_score":"","rich_snippet":""},"_links":{"self":[{"href":"https:\/\/dailynewshungary.com\/de\/wp-json\/wp\/v2\/posts\/769639","targetHints":{"allow":["GET"]}}],"collection":[{"href":"https:\/\/dailynewshungary.com\/de\/wp-json\/wp\/v2\/posts"}],"about":[{"href":"https:\/\/dailynewshungary.com\/de\/wp-json\/wp\/v2\/types\/post"}],"author":[{"embeddable":true,"href":"https:\/\/dailynewshungary.com\/de\/wp-json\/wp\/v2\/users\/2"}],"replies":[{"embeddable":true,"href":"https:\/\/dailynewshungary.com\/de\/wp-json\/wp\/v2\/comments?post=769639"}],"version-history":[{"count":0,"href":"https:\/\/dailynewshungary.com\/de\/wp-json\/wp\/v2\/posts\/769639\/revisions"}],"wp:featuredmedia":[{"embeddable":true,"href":"https:\/\/dailynewshungary.com\/de\/wp-json\/wp\/v2\/media\/769640"}],"wp:attachment":[{"href":"https:\/\/dailynewshungary.com\/de\/wp-json\/wp\/v2\/media?parent=769639"}],"wp:term":[{"taxonomy":"category","embeddable":true,"href":"https:\/\/dailynewshungary.com\/de\/wp-json\/wp\/v2\/categories?post=769639"},{"taxonomy":"post_tag","embeddable":true,"href":"https:\/\/dailynewshungary.com\/de\/wp-json\/wp\/v2\/tags?post=769639"}],"curies":[{"name":"wp","href":"https:\/\/api.w.org\/{rel}","templated":true}]}}