{"id":769643,"date":"2015-02-01T16:32:43","date_gmt":"2015-02-01T15:32:43","guid":{"rendered":"https:\/\/dailynewshungary.com\/de\/vona-fordert-einen-auswechsel-in-den-letzten-25-jahren\/"},"modified":"2015-02-01T16:32:43","modified_gmt":"2015-02-01T15:32:43","slug":"vona-fordert-einen-auswechsel-in-den-letzten-25-jahren","status":"publish","type":"post","link":"https:\/\/dailynewshungary.com\/de\/vona-fordert-einen-auswechsel-in-den-letzten-25-jahren\/","title":{"rendered":"Vona fordert einen Auswechsel in den letzten 25 Jahren"},"content":{"rendered":"<p><strong>Budapest (MTI) \u2013 Der Chef der radikal-nationalistischen Jobbik-Partei sagte, die letzten 25 Jahre m\u00fcssten vertauscht werden und Ungarn brauche ein System, das die Menschen als ihr eigenes empfinden k\u00f6nnten.<\/strong><\/p>\n<p>Gabor Vona sagte bei einer Veranstaltung zur Bewertung des Jahres 2014, dass Ungarn in Schwierigkeiten sei und die Menschen Frieden und Ruhe brauchen.<\/p>\n<p>Er sagte, Jobbik werde im Februar mit der Unterschriftensammlung beginnen, um die M\u00f6glichkeit des Ruhestands f\u00fcr M\u00e4nner nach 40 Jahren Arbeit, kostenlosen Internetzugang f\u00fcr alle, neue Einwanderungsbestimmungen und die milit\u00e4rische Neutralit\u00e4t Ungarns im Zusammenhang mit der Ukraine-Krise zu fordern.<\/p>\n<p>Vona erkl\u00e4rte 2015 zum Jahr der Freiwilligenarbeit, an der jeder Jobbik-Gesetzgeber beteiligt sein wird, von dem erwartet wird, dass er jeden Monat ehrenamtlich arbeitet und 10 Prozent seines Einkommens f\u00fcr wohlt\u00e4tige Zwecke bereitstellt.<\/p>\n","protected":false},"excerpt":{"rendered":"<p>Budapest (MTI) \u2013 Der Chef der radikal-nationalistischen Jobbik-Partei sagte, die letzten 25 Jahre m\u00fcssten vertauscht werden und Ungarn brauche ein System, das die Menschen als ihr eigenes empfinden k\u00f6nnten. Gabor Vona sagte bei einer Veranstaltung zur Bewertung des Jahres 2014, dass Ungarn in Schwierigkeiten sei und die Menschen Frieden und Ruhe brauchen. Er sagte, Jobbik [&hellip;]<\/p>\n","protected":false},"author":2,"featured_media":769644,"comment_status":"open","ping_status":"open","sticky":false,"template":"","format":"standard","meta":{"_acf_changed":false,"_display_image":"","footnotes":""},"categories":[1081],"tags":[1632],"class_list":["post-769643","post","type-post","status-publish","format-standard","has-post-thumbnail","hentry","category-politik","tag-jobbik"],"blocksy_meta":[],"acf":[],"author_username":"alk","telegram_post":"","public_post_metadata":{"breaking_news":"","important":"","csempe":"","center_tile":"","disable_thumbnail":"","target_lang":"","_featured_image_style":"","telegram_post":"","_xlat_group_id":""},"public_rank_math_data":{"title":"%title% %sep% %sitename%","description":"","focus_keyword":"","canonical_url":"","robots":"","primary_category":"1081","breadcrumb_title":"","facebook_title":"","facebook_description":"","facebook_image":"","facebook_image_id":"","twitter_title":"","twitter_description":"","twitter_image":"","twitter_image_id":"","twitter_card_type":"","twitter_use_facebook":"","advanced_robots":"","pillar_content":"","seo_score":"","contentai_score":"","rich_snippet":""},"_links":{"self":[{"href":"https:\/\/dailynewshungary.com\/de\/wp-json\/wp\/v2\/posts\/769643","targetHints":{"allow":["GET"]}}],"collection":[{"href":"https:\/\/dailynewshungary.com\/de\/wp-json\/wp\/v2\/posts"}],"about":[{"href":"https:\/\/dailynewshungary.com\/de\/wp-json\/wp\/v2\/types\/post"}],"author":[{"embeddable":true,"href":"https:\/\/dailynewshungary.com\/de\/wp-json\/wp\/v2\/users\/2"}],"replies":[{"embeddable":true,"href":"https:\/\/dailynewshungary.com\/de\/wp-json\/wp\/v2\/comments?post=769643"}],"version-history":[{"count":0,"href":"https:\/\/dailynewshungary.com\/de\/wp-json\/wp\/v2\/posts\/769643\/revisions"}],"wp:featuredmedia":[{"embeddable":true,"href":"https:\/\/dailynewshungary.com\/de\/wp-json\/wp\/v2\/media\/769644"}],"wp:attachment":[{"href":"https:\/\/dailynewshungary.com\/de\/wp-json\/wp\/v2\/media?parent=769643"}],"wp:term":[{"taxonomy":"category","embeddable":true,"href":"https:\/\/dailynewshungary.com\/de\/wp-json\/wp\/v2\/categories?post=769643"},{"taxonomy":"post_tag","embeddable":true,"href":"https:\/\/dailynewshungary.com\/de\/wp-json\/wp\/v2\/tags?post=769643"}],"curies":[{"name":"wp","href":"https:\/\/api.w.org\/{rel}","templated":true}]}}