{"id":769657,"date":"2015-01-31T12:51:31","date_gmt":"2015-01-31T11:51:31","guid":{"rendered":"https:\/\/dailynewshungary.com\/de\/antwort-von-ikea-auf-die-zwangsschliesung-am-sonntag-verlangerte-offnungszeiten\/"},"modified":"2015-01-31T12:51:31","modified_gmt":"2015-01-31T11:51:31","slug":"antwort-von-ikea-auf-die-zwangsschliesung-am-sonntag-verlangerte-offnungszeiten","status":"publish","type":"post","link":"https:\/\/dailynewshungary.com\/de\/antwort-von-ikea-auf-die-zwangsschliesung-am-sonntag-verlangerte-offnungszeiten\/","title":{"rendered":"Antwort von IKEA auf die Zwangsschlie\u00dfung am Sonntag: verl\u00e4ngerte \u00d6ffnungszeiten"},"content":{"rendered":"<p><strong>IKEA hat beschlossen, die \u00d6ffnungszeiten seiner ungarischen Filialen zu verl\u00e4ngern, berichtet Vil\u00e1ggazdas\u00e1g. Die Verhandlungen sind noch im Gange, aber die regionalen F\u00fchrer des schwedischen Unternehmens glauben, dass dies der beste Weg ist, das wahrscheinliche Defizit auszugleichen, das durch die Schlie\u00dfung am Sonntag verursacht wird.<\/strong><\/p>\n<p>Die verl\u00e4ngerten \u00d6ffnungszeiten werden mit der Neuorganisation der internen Abl\u00e4ufe innerhalb des Unternehmens abgeschlossen, um Entlassungen zu vermeiden Eszter Varga-Nagy, der PR-Manager von IKEA Ungarn, sagte gegen\u00fcber Vil\u00e1ggazdas\u00e1g, dass das Unternehmen k\u00fcnftig auf die Arbeiter der Buda\u00f6rs &#8211; und Zugl\u00f3-Filialen z\u00e4hleDer Lieferservice werde von dem am 15. M\u00e4rz in Kraft tretenden Parlamentsbeschluss nicht betroffen sein, f\u00fcgt Varga-Nagy hinzu, da die die Lieferungen ausf\u00fchrende Firma nicht IKEA, sondern Vertragspartner der Filialen sei.<\/p>\n<p>IKEA bereitet die Errichtung eines dritten Gesch\u00e4fts in Ungarn vor, das Baugebiet in Soroks\u00e1r war bereits gekauft worden F\u00fcr den Start des Projekts sind jedoch weitere Wirkungsstudien und Genehmigungen erforderlich Vil\u00e1ggazdas\u00e1g sagt, ungarische Kunden m\u00fcssen ein oder zwei Jahre auf den dritten IKEA-Store warten, da das Datum der Er\u00f6ffnung ungewiss ist.<\/p>\n<p>Das Unternehmen, das f\u00fcr seine montagefertigen M\u00f6bel ber\u00fchmt wurde, plant derzeit, seine Dienstleistungen zu erweitern und einen Webshop zu starten. Das neue Projekt wird derzeit im Vereinigten K\u00f6nigreich und in Irland getestet, und wenn das Konzept erfolgreich sein wird, wird der Webshop auch in Ungarn verf\u00fcgbar sein, voraussichtlich im Jahr 2017.<\/p>\n<p>Nach k\u00fcrzlich ver\u00f6ffentlichten Daten beendete IKEA das Jahr mit einer Rekordumsatzmenge, wobei der chinesische, russische und ungarische Markt die prominentesten Entwicklungsgebiete warenDie Zunahme des Interesses kann mit der Finanzkrise in Verbindung gebracht werden, da ungarische Kunden die teureren K\u00e4ufe w\u00e4hrend der Vorjahre verz\u00f6gert habenDer Gro\u00dfteil der Kunden kann nun mit ihren versp\u00e4teten Ausgaben gleichziehen, und dies wird in den Daten von IKEA deutlich.<\/p>\n<p><em>basierend auf Artikel von vg.hu<\/em><br \/>\n<em>\u00dcbersetzt von Laura Kocsis<\/em><\/p>\n<p><em>Foto:&nbsp;<span class=\"irc_ho\" dir=\"ltr\">nullker.hu<\/span><\/em><\/p>\n","protected":false},"excerpt":{"rendered":"<p>IKEA hat beschlossen, die \u00d6ffnungszeiten seiner ungarischen Filialen zu verl\u00e4ngern, berichtet Vil\u00e1ggazdas\u00e1g. Die Verhandlungen sind noch im Gange, aber die regionalen F\u00fchrer des schwedischen Unternehmens glauben, dass dies der beste Weg ist, das wahrscheinliche Defizit auszugleichen, das durch die Schlie\u00dfung am Sonntag verursacht wird. Die verl\u00e4ngerten \u00d6ffnungszeiten werden mit der Neuorganisation der internen Abl\u00e4ufe innerhalb [&hellip;]<\/p>\n","protected":false},"author":2,"featured_media":769658,"comment_status":"open","ping_status":"open","sticky":false,"template":"","format":"standard","meta":{"_acf_changed":false,"_display_image":"","footnotes":""},"categories":[1281],"tags":[1066],"class_list":["post-769657","post","type-post","status-publish","format-standard","has-post-thumbnail","hentry","category-geschaft","tag-hungary"],"blocksy_meta":[],"acf":[],"author_username":"alk","telegram_post":"","public_post_metadata":{"breaking_news":"","important":"","csempe":"","center_tile":"","disable_thumbnail":"","target_lang":"","_featured_image_style":"","telegram_post":"","_xlat_group_id":""},"public_rank_math_data":{"title":"%title% %sep% %sitename%","description":"","focus_keyword":"","canonical_url":"","robots":"","primary_category":"1281","breadcrumb_title":"","facebook_title":"","facebook_description":"","facebook_image":"","facebook_image_id":"","twitter_title":"","twitter_description":"","twitter_image":"","twitter_image_id":"","twitter_card_type":"","twitter_use_facebook":"","advanced_robots":"","pillar_content":"","seo_score":"","contentai_score":"","rich_snippet":""},"_links":{"self":[{"href":"https:\/\/dailynewshungary.com\/de\/wp-json\/wp\/v2\/posts\/769657","targetHints":{"allow":["GET"]}}],"collection":[{"href":"https:\/\/dailynewshungary.com\/de\/wp-json\/wp\/v2\/posts"}],"about":[{"href":"https:\/\/dailynewshungary.com\/de\/wp-json\/wp\/v2\/types\/post"}],"author":[{"embeddable":true,"href":"https:\/\/dailynewshungary.com\/de\/wp-json\/wp\/v2\/users\/2"}],"replies":[{"embeddable":true,"href":"https:\/\/dailynewshungary.com\/de\/wp-json\/wp\/v2\/comments?post=769657"}],"version-history":[{"count":0,"href":"https:\/\/dailynewshungary.com\/de\/wp-json\/wp\/v2\/posts\/769657\/revisions"}],"wp:featuredmedia":[{"embeddable":true,"href":"https:\/\/dailynewshungary.com\/de\/wp-json\/wp\/v2\/media\/769658"}],"wp:attachment":[{"href":"https:\/\/dailynewshungary.com\/de\/wp-json\/wp\/v2\/media?parent=769657"}],"wp:term":[{"taxonomy":"category","embeddable":true,"href":"https:\/\/dailynewshungary.com\/de\/wp-json\/wp\/v2\/categories?post=769657"},{"taxonomy":"post_tag","embeddable":true,"href":"https:\/\/dailynewshungary.com\/de\/wp-json\/wp\/v2\/tags?post=769657"}],"curies":[{"name":"wp","href":"https:\/\/api.w.org\/{rel}","templated":true}]}}