{"id":769673,"date":"2015-01-30T09:56:55","date_gmt":"2015-01-30T08:56:55","guid":{"rendered":"https:\/\/dailynewshungary.com\/de\/ungarn-konnte-die-schacholympiade-ausrichten-sagt-fide-prasident\/"},"modified":"2015-01-30T09:56:55","modified_gmt":"2015-01-30T08:56:55","slug":"ungarn-konnte-die-schacholympiade-ausrichten-sagt-fide-prasident","status":"publish","type":"post","link":"https:\/\/dailynewshungary.com\/de\/ungarn-konnte-die-schacholympiade-ausrichten-sagt-fide-prasident\/","title":{"rendered":"Ungarn k\u00f6nnte die Schacholympiade ausrichten, sagt FIDE-Pr\u00e4sident"},"content":{"rendered":"<p><strong>Budapest (MTI) (Ungarn ist ein geeignetes Land f\u00fcr die Ausrichtung einer Schachweltmeisterschaft oder sogar der Schacholympiade, sagte der Pr\u00e4sident des Weltschachverbandes (FIDE) Kirsan Iljumschinow.<\/strong><\/p>\n<p>Iljumschinow, der ehemalige Pr\u00e4sident der Republik Kalm\u00fcckien in der Russischen F\u00f6deration, der am sp\u00e4ten Mittwoch in Budapest ankam, besuchte den ungarischen Verband, um den internationalen Gro\u00dfmeister Judit Polgar, Ungarns FIDE-Delegierten Gusztav Font und den Generalsekret\u00e4r der ungarischen F\u00f6deration, Attila Meszaros, zu treffen.<\/p>\n<p>Iljumschinow lobte Ungarn f\u00fcr die Ausrichtung der U16-Schacholympiade im vergangenen Dezember in Gyor und ermutigte die Ungarn, weitere Turniere zu organisieren.<\/p>\n<p>Er hob auch Polgars Bem\u00fchungen hervor, Schach in Schulen zu f\u00f6rdern, und bezeichnete ihr einzigartiges Trainingsprogramm als sehr wertvoll und wichtig, was das Interesse mehrerer L\u00e4nder der Welt weckte.<\/p>\n<p><em>Foto: Pixabay<\/em><\/p>\n","protected":false},"excerpt":{"rendered":"<p>Budapest (MTI) (Ungarn ist ein geeignetes Land f\u00fcr die Ausrichtung einer Schachweltmeisterschaft oder sogar der Schacholympiade, sagte der Pr\u00e4sident des Weltschachverbandes (FIDE) Kirsan Iljumschinow. Iljumschinow, der ehemalige Pr\u00e4sident der Republik Kalm\u00fcckien in der Russischen F\u00f6deration, der am sp\u00e4ten Mittwoch in Budapest ankam, besuchte den ungarischen Verband, um den internationalen Gro\u00dfmeister Judit Polgar, Ungarns FIDE-Delegierten Gusztav [&hellip;]<\/p>\n","protected":false},"author":2,"featured_media":769674,"comment_status":"open","ping_status":"open","sticky":false,"template":"","format":"standard","meta":{"_acf_changed":false,"_display_image":"","footnotes":""},"categories":[1219],"tags":[1066],"class_list":["post-769673","post","type-post","status-publish","format-standard","has-post-thumbnail","hentry","category-sport","tag-hungary"],"blocksy_meta":[],"acf":[],"author_username":"alk","telegram_post":"","public_post_metadata":{"breaking_news":"","important":"","csempe":"","center_tile":"","disable_thumbnail":"","target_lang":"","_featured_image_style":"","telegram_post":"","_xlat_group_id":""},"public_rank_math_data":{"title":"%title% %sep% %sitename%","description":"","focus_keyword":"","canonical_url":"","robots":"","primary_category":"1219","breadcrumb_title":"","facebook_title":"","facebook_description":"","facebook_image":"","facebook_image_id":"","twitter_title":"","twitter_description":"","twitter_image":"","twitter_image_id":"","twitter_card_type":"","twitter_use_facebook":"","advanced_robots":"","pillar_content":"","seo_score":"","contentai_score":"","rich_snippet":""},"_links":{"self":[{"href":"https:\/\/dailynewshungary.com\/de\/wp-json\/wp\/v2\/posts\/769673","targetHints":{"allow":["GET"]}}],"collection":[{"href":"https:\/\/dailynewshungary.com\/de\/wp-json\/wp\/v2\/posts"}],"about":[{"href":"https:\/\/dailynewshungary.com\/de\/wp-json\/wp\/v2\/types\/post"}],"author":[{"embeddable":true,"href":"https:\/\/dailynewshungary.com\/de\/wp-json\/wp\/v2\/users\/2"}],"replies":[{"embeddable":true,"href":"https:\/\/dailynewshungary.com\/de\/wp-json\/wp\/v2\/comments?post=769673"}],"version-history":[{"count":0,"href":"https:\/\/dailynewshungary.com\/de\/wp-json\/wp\/v2\/posts\/769673\/revisions"}],"wp:featuredmedia":[{"embeddable":true,"href":"https:\/\/dailynewshungary.com\/de\/wp-json\/wp\/v2\/media\/769674"}],"wp:attachment":[{"href":"https:\/\/dailynewshungary.com\/de\/wp-json\/wp\/v2\/media?parent=769673"}],"wp:term":[{"taxonomy":"category","embeddable":true,"href":"https:\/\/dailynewshungary.com\/de\/wp-json\/wp\/v2\/categories?post=769673"},{"taxonomy":"post_tag","embeddable":true,"href":"https:\/\/dailynewshungary.com\/de\/wp-json\/wp\/v2\/tags?post=769673"}],"curies":[{"name":"wp","href":"https:\/\/api.w.org\/{rel}","templated":true}]}}