{"id":769709,"date":"2015-01-27T19:57:22","date_gmt":"2015-01-27T18:57:22","guid":{"rendered":"https:\/\/dailynewshungary.com\/de\/jobbik-fordert-einen-eigenstandigen-grenzschutz-zur-bekampfung-der-illegalen-migration\/"},"modified":"2015-01-27T19:57:22","modified_gmt":"2015-01-27T18:57:22","slug":"jobbik-fordert-einen-eigenstandigen-grenzschutz-zur-bekampfung-der-illegalen-migration","status":"publish","type":"post","link":"https:\/\/dailynewshungary.com\/de\/jobbik-fordert-einen-eigenstandigen-grenzschutz-zur-bekampfung-der-illegalen-migration\/","title":{"rendered":"Jobbik fordert einen eigenst\u00e4ndigen Grenzschutz zur Bek\u00e4mpfung der illegalen Migration"},"content":{"rendered":"<p><strong>Budapest, 27. Januar (MTI) \u2013 Radikalnationalist Jobbik schl\u00e4gt die Wiedereinstellung eines eigenst\u00e4ndigen Grenzschutzes vor, um zur \u00dcberwachung der illegalen Einwanderung beizutragen, sagte ein Abgeordneter der Partei am Dienstag.<\/strong><\/p>\n<p>Ungarische Polizeieinheiten konnten ihre Grenzkontrollaufgaben nicht alleine erf\u00fcllen und ben\u00f6tigten von Zeit zu Zeit die Unterst\u00fctzung von Zivilgardisten, sagte Adam Mirkoczki, ebenfalls Sprecher der Partei, auf einer Pressekonferenz.<\/p>\n<p>Jobbik schl\u00e4gt die Einrichtung einer separaten Grenzkontrolltruppe mit 2.500 Mitarbeitern vor, um effizientere Kontrollen vor allem entlang der Grenze zu Serbien und der Ukraine zu erm\u00f6glichen, sagte er.<\/p>\n<p>Jobbik bestehe au\u00dferdem darauf, Fl\u00fcchtlingslager versiegelt zu halten, das Asylverfahren zu beschleunigen und den Versto\u00df gegen die EU-Vorschriften zu beschleunigen, die M\u00f6glichkeit, Wirtschaftsfl\u00fcchtlinge an der Grenze abzuweisen, sagte er.<\/p>\n","protected":false},"excerpt":{"rendered":"<p>Budapest, 27. Januar (MTI) \u2013 Radikalnationalist Jobbik schl\u00e4gt die Wiedereinstellung eines eigenst\u00e4ndigen Grenzschutzes vor, um zur \u00dcberwachung der illegalen Einwanderung beizutragen, sagte ein Abgeordneter der Partei am Dienstag. Ungarische Polizeieinheiten konnten ihre Grenzkontrollaufgaben nicht alleine erf\u00fcllen und ben\u00f6tigten von Zeit zu Zeit die Unterst\u00fctzung von Zivilgardisten, sagte Adam Mirkoczki, ebenfalls Sprecher der Partei, auf einer [&hellip;]<\/p>\n","protected":false},"author":2,"featured_media":769710,"comment_status":"open","ping_status":"open","sticky":false,"template":"","format":"standard","meta":{"_acf_changed":false,"_display_image":"","footnotes":""},"categories":[1081],"tags":[1632],"class_list":["post-769709","post","type-post","status-publish","format-standard","has-post-thumbnail","hentry","category-politik","tag-jobbik"],"blocksy_meta":[],"acf":[],"author_username":"alk","telegram_post":"","public_post_metadata":{"breaking_news":"","important":"","csempe":"","center_tile":"","disable_thumbnail":"","target_lang":"","_featured_image_style":"","telegram_post":"","_xlat_group_id":""},"public_rank_math_data":{"title":"%title% %sep% %sitename%","description":"","focus_keyword":"","canonical_url":"","robots":"","primary_category":"1081","breadcrumb_title":"","facebook_title":"","facebook_description":"","facebook_image":"","facebook_image_id":"","twitter_title":"","twitter_description":"","twitter_image":"","twitter_image_id":"","twitter_card_type":"","twitter_use_facebook":"","advanced_robots":"","pillar_content":"","seo_score":"","contentai_score":"","rich_snippet":""},"_links":{"self":[{"href":"https:\/\/dailynewshungary.com\/de\/wp-json\/wp\/v2\/posts\/769709","targetHints":{"allow":["GET"]}}],"collection":[{"href":"https:\/\/dailynewshungary.com\/de\/wp-json\/wp\/v2\/posts"}],"about":[{"href":"https:\/\/dailynewshungary.com\/de\/wp-json\/wp\/v2\/types\/post"}],"author":[{"embeddable":true,"href":"https:\/\/dailynewshungary.com\/de\/wp-json\/wp\/v2\/users\/2"}],"replies":[{"embeddable":true,"href":"https:\/\/dailynewshungary.com\/de\/wp-json\/wp\/v2\/comments?post=769709"}],"version-history":[{"count":0,"href":"https:\/\/dailynewshungary.com\/de\/wp-json\/wp\/v2\/posts\/769709\/revisions"}],"wp:featuredmedia":[{"embeddable":true,"href":"https:\/\/dailynewshungary.com\/de\/wp-json\/wp\/v2\/media\/769710"}],"wp:attachment":[{"href":"https:\/\/dailynewshungary.com\/de\/wp-json\/wp\/v2\/media?parent=769709"}],"wp:term":[{"taxonomy":"category","embeddable":true,"href":"https:\/\/dailynewshungary.com\/de\/wp-json\/wp\/v2\/categories?post=769709"},{"taxonomy":"post_tag","embeddable":true,"href":"https:\/\/dailynewshungary.com\/de\/wp-json\/wp\/v2\/tags?post=769709"}],"curies":[{"name":"wp","href":"https:\/\/api.w.org\/{rel}","templated":true}]}}