{"id":769737,"date":"2015-01-25T16:57:35","date_gmt":"2015-01-25T15:57:35","guid":{"rendered":"https:\/\/dailynewshungary.com\/de\/fidesz-schlagt-kurzeres-verfahren-fur-fluchtlinge-vor\/"},"modified":"2015-01-25T16:57:35","modified_gmt":"2015-01-25T15:57:35","slug":"fidesz-schlagt-kurzeres-verfahren-fur-fluchtlinge-vor","status":"publish","type":"post","link":"https:\/\/dailynewshungary.com\/de\/fidesz-schlagt-kurzeres-verfahren-fur-fluchtlinge-vor\/","title":{"rendered":"Fidesz schl\u00e4gt k\u00fcrzeres Verfahren f\u00fcr Fl\u00fcchtlinge vor"},"content":{"rendered":"<p><strong>Budapest, 25. Januar (MTI) \u2013 Die Regierungspartei Fidesz hat vorgeschlagen, die Verfahren f\u00fcr Asylbewerber drastisch zu beschleunigen.<\/strong><\/p>\n<p>Lajos Kosa, der stellvertretende Vorsitzende der Partei, sagte am Sonntag auf einer Pressekonferenz, dass bestimmte Verfahren innerhalb weniger Tage erledigt werden k\u00f6nnten.<\/p>\n<p>Die Kategorien eines sogenannten sicheren Versandlandes und eines sicheren Drittstaats w\u00fcrden eingesetzt, und diejenigen, die als Asylbewerber aus solchen L\u00e4ndern dieser Regierungsliste nach Ungarn kommen, k\u00f6nnten \u201csofort zur\u00fcckgeschickt werden\u201d, sagte er.<\/p>\n<p>Er sagte, die Regierung wolle die Europ\u00e4ische Kommission auch auf die Notwendigkeit einer neuen Asylpolitik aufmerksam machen, da die aktuellen Regelungen, so betonte er, die Standpunkte der Transitl\u00e4nder nicht ber\u00fccksichtigen. Auch die griechischen, italienischen, maltesischen, spanischen und portugiesischen Beh\u00f6rden teilen diesen Standpunkt, f\u00fcgte er hinzu.<\/p>\n<p>Als Vorsitzender des Verteidigungs- und Strafverfolgungsausschusses des Parlaments habe Kosa die Festlegung eines gemeinsamen Standpunkts initiiert, der von den parlamentarischen Aussch\u00fcssen dieser L\u00e4nder verk\u00fcndet werden soll. Auf dieser Grundlage werde es m\u00f6glich sein, sich an Br\u00fcssel zu wenden, sagte er.<\/p>\n<p>\u201cWenn wir uns in diesem Stadium nicht mit dem Problem befassen, dann k\u00f6nnte eine fremdenfeindliche Welle \u00fcber Europa hinwegfegen, und das w\u00fcrde offensichtlich von rechtsextremen politischen Kr\u00e4ften ausgenutzt werden\u201d, sagte er.<\/p>\n<p>Kosa sagte, er h\u00e4tte die Pressekonferenz, auf der er jetzt sprach, abgehalten, wenn die Pariser Terroranschl\u00e4ge von vor einigen Wochen nicht stattgefunden h\u00e4tten, weil aus Gr\u00fcnden der europ\u00e4ischen Rechtsharmonisierung das Verfahrenssystem f\u00fcr Asylbewerber geregelt werden m\u00fcsse.<\/p>\n<p>In den vergangenen Jahren ist die Zahl der in Ungarn ankommenden Fl\u00fcchtlinge dramatisch angewachsen: W\u00e4hrend 2012 noch 2300-2500 Asylbewerber im Land auftauchten, stieg diese im vergangenen Jahr auf 42.000. Der Gro\u00dfteil davon waren Wirtschaftsmigranten, 2014 erhielten von den 42.000 nur 500 den Fl\u00fcchtlingsstatus, Kosa f\u00fcgte hinzu, dass 95 Prozent der in Ungarn ankommenden Personen \u201cislamischer Identit\u00e4t\u201d seien, die meisten stammten aus dem Kosovo, Syrien und Afghanistan.<\/p>\n<p>Im vergangenen Jahr habe die Regierung \u00fcber 5 Milliarden Forint (16 Mio. EUR) f\u00fcr den Umgang mit Asylbewerbern bereitgestellt, sagte er.<\/p>\n<p>Kosas Vorschlag wurde vom Vorsitzenden der gr\u00fcnen Opposition LMP, Andras Schiffer, mit Spott aufgenommen, der die Idee einer Verk\u00fcrzung eines Asylverfahrens als \u201cUnsinn\u201d bezeichnete, Schiffer sagte, echte Sicherheitsrisiken w\u00fcrden durch das fehlende Geld f\u00fcr die Durchsetzung und Aufrechterhaltung des ungarischen Asyl &#8211; und Einwanderungssystems noch versch\u00e4rft, er sagte, dass es derzeit keine M\u00f6glichkeit der Rechtsdurchsetzung f\u00fcr die Reduzierung des Verfahrens von 30 Tagen auf 3 Tage g\u00e4be Tats\u00e4chlich ber\u00fccksichtige der Plan nicht jene Asylbewerber, die, da sie gerade aus ihrem Land geflohen sind, so traumatisiert seien, dass sie oft nicht einmal sprechen k\u00f6nntenIn solchen F\u00e4llen w\u00e4re es unm\u00f6glich festzustellen, ob es in so kurzer Zeit eine Grundlage f\u00fcr ihren Asylantrag gibt, sagte er.<\/p>\n","protected":false},"excerpt":{"rendered":"<p>Budapest, 25. Januar (MTI) \u2013 Die Regierungspartei Fidesz hat vorgeschlagen, die Verfahren f\u00fcr Asylbewerber drastisch zu beschleunigen. Lajos Kosa, der stellvertretende Vorsitzende der Partei, sagte am Sonntag auf einer Pressekonferenz, dass bestimmte Verfahren innerhalb weniger Tage erledigt werden k\u00f6nnten. Die Kategorien eines sogenannten sicheren Versandlandes und eines sicheren Drittstaats w\u00fcrden eingesetzt, und diejenigen, die als [&hellip;]<\/p>\n","protected":false},"author":2,"featured_media":769738,"comment_status":"open","ping_status":"open","sticky":false,"template":"","format":"standard","meta":{"_acf_changed":false,"_display_image":"","footnotes":""},"categories":[1081],"tags":[1104],"class_list":["post-769737","post","type-post","status-publish","format-standard","has-post-thumbnail","hentry","category-politik","tag-wirtschaft"],"blocksy_meta":[],"acf":[],"author_username":"alk","telegram_post":"","public_post_metadata":{"breaking_news":"","important":"","csempe":"","center_tile":"","disable_thumbnail":"","target_lang":"","_featured_image_style":"","telegram_post":"","_xlat_group_id":""},"public_rank_math_data":{"title":"%title% %sep% %sitename%","description":"","focus_keyword":"","canonical_url":"","robots":"","primary_category":"1081","breadcrumb_title":"","facebook_title":"","facebook_description":"","facebook_image":"","facebook_image_id":"","twitter_title":"","twitter_description":"","twitter_image":"","twitter_image_id":"","twitter_card_type":"","twitter_use_facebook":"","advanced_robots":"","pillar_content":"","seo_score":"","contentai_score":"","rich_snippet":""},"_links":{"self":[{"href":"https:\/\/dailynewshungary.com\/de\/wp-json\/wp\/v2\/posts\/769737","targetHints":{"allow":["GET"]}}],"collection":[{"href":"https:\/\/dailynewshungary.com\/de\/wp-json\/wp\/v2\/posts"}],"about":[{"href":"https:\/\/dailynewshungary.com\/de\/wp-json\/wp\/v2\/types\/post"}],"author":[{"embeddable":true,"href":"https:\/\/dailynewshungary.com\/de\/wp-json\/wp\/v2\/users\/2"}],"replies":[{"embeddable":true,"href":"https:\/\/dailynewshungary.com\/de\/wp-json\/wp\/v2\/comments?post=769737"}],"version-history":[{"count":0,"href":"https:\/\/dailynewshungary.com\/de\/wp-json\/wp\/v2\/posts\/769737\/revisions"}],"wp:featuredmedia":[{"embeddable":true,"href":"https:\/\/dailynewshungary.com\/de\/wp-json\/wp\/v2\/media\/769738"}],"wp:attachment":[{"href":"https:\/\/dailynewshungary.com\/de\/wp-json\/wp\/v2\/media?parent=769737"}],"wp:term":[{"taxonomy":"category","embeddable":true,"href":"https:\/\/dailynewshungary.com\/de\/wp-json\/wp\/v2\/categories?post=769737"},{"taxonomy":"post_tag","embeddable":true,"href":"https:\/\/dailynewshungary.com\/de\/wp-json\/wp\/v2\/tags?post=769737"}],"curies":[{"name":"wp","href":"https:\/\/api.w.org\/{rel}","templated":true}]}}