{"id":769829,"date":"2015-01-18T19:07:45","date_gmt":"2015-01-18T18:07:45","guid":{"rendered":"https:\/\/dailynewshungary.com\/de\/orban-fx-verbraucherkreditfragen-die-zwischen-banken-und-schuldnern-abgewickelt-werden-sollen\/"},"modified":"2015-01-18T19:07:45","modified_gmt":"2015-01-18T18:07:45","slug":"orban-fx-verbraucherkreditfragen-die-zwischen-banken-und-schuldnern-abgewickelt-werden-sollen","status":"publish","type":"post","link":"https:\/\/dailynewshungary.com\/de\/orban-fx-verbraucherkreditfragen-die-zwischen-banken-und-schuldnern-abgewickelt-werden-sollen\/","title":{"rendered":"Orban: FX-Verbraucherkreditfragen, die zwischen Banken und Schuldnern abgewickelt werden sollen"},"content":{"rendered":"<p><strong>Budapest, 18. Januar (MTI) \u2013 Fragen rund um Verbraucherkredite in Fremdw\u00e4hrungen sollten zwischen Kreditgebern und Kreditnehmern gekl\u00e4rt werden, sagte Premierminister Viktor Orban am Sonntag gegen\u00fcber Kossuth Radio.<\/strong><\/p>\n<p>Orban sagte, die Regierung k\u00f6nne in diesem Prozess als Vermittler fungieren, k\u00f6nne aber kein Urteil f\u00e4llen.<\/p>\n<p>Der Regierung sei es gelungen, Probleme im Zusammenhang mit Devisenhypotheken zu l\u00f6sen, aber Verbraucherkredite seien eine andere Sache, bemerkte OrbanEr sagte auch, dass angesichts der einschl\u00e4gigen Gerichtsurteile Risiken, die sich aus Wechselkursschwankungen ergeben, vom Kreditnehmer \u00fcbernommen werden sollten.<\/p>\n<p>Bez\u00fcglich der internationalen Wertsch\u00e4tzung des Vorsto\u00dfes der Regierung, Forex-Hypotheken in Forint-basierte umzuwandeln, bevor der Schweizer Franken pl\u00f6tzlich gegen\u00fcber dem Forint gest\u00e4rkt wird, sagte Orban, die Regierung solle nun \u201eso bescheiden wie ein Violett sein\u201cund dankte den W\u00e4hlern f\u00fcr ihr Vertrauen in seine Fidesz-Partei und die Bereitschaft der Zentralbank, bei dem Man\u00f6ver mitzuhelfen.<\/p>\n<p>Zum Thema Migranten schlug Orban vor, dass die Begriffe Einwanderung oder Auswanderung innerhalb der Europ\u00e4ischen Union nicht anwendbar seien, da \u201ces innerhalb eines Wirtschaftsraums liegt, den wir durch eine gemeinsame Anstrengung geschaffen haben, dass wir migrieren\u201d Orban nannte es \u201cabsurd\u201d, dass politische Botschaften mit dem Thema der Auswanderung von Ungarn nach Gro\u00dfbritannien oder Deutschland geschaffen werden.<\/p>\n<p>Bez\u00fcglich der illegalen Migration bestand Orban darauf, dass sich viele derjenigen, die die Grenzen Ungarns ohne g\u00fcltige Genehmigung \u00fcberquerten, dar\u00fcber im Klaren seien, dass sie auf der Suche nach einem besseren Leben nicht l\u00e4nger als Migranten behandelt werden k\u00f6nnten, wenn sie sagten, sie seien Asylsuchende.<\/p>\n<blockquote>\n<p>\u201cWir sind ein christliches Land und wir haben Mitgef\u00fchl in unserem Herzen. Den Gejagten sollte geholfen werden\u201d, sagte Orban, f\u00fcgte aber hinzu, dass Wirtschaftseinwanderer abgelehnt werden m\u00fcssen und \u201cwir ihnen klar machen m\u00fcssen, dass sie in Ungarn keinen Lebensunterhalt finden werden\u201d.<\/p>\n<\/blockquote>\n<p>\u201cWir wollen nicht, dass Ungarn ein Ziel f\u00fcr Wirtschaftseinwanderer wird\u201d, sagte er.<\/p>\n<p>Orban stellte fest, dass die Zahl der Asylsuchenden im Jahr 2014 fast 43.000 betrug, doppelt so viel wie in fr\u00fcheren Jahren, und nannte die Tendenz \u201ealarmierend\u201cEr betonte, dass Ungarn sich nicht auf die EU verlassen k\u00f6nne und sich sch\u00fctzen m\u00fcsse.<\/p>\n<p>\u201cWir m\u00fcssen k\u00e4mpfen, damit Br\u00fcssel die Regeln \u00e4ndert und uns keine unrealistischen Vorschriften mehr aufzwingt\u201d \u2013 sagte er.<\/p>\n<p>Die Oppositionsparteien Egyutt (Gemeinsam), Dialogue for Ungarn (PM) und Liberale kritisierten den Premierminister f\u00fcr seine \u00c4u\u00dferungen, in denen er darauf hinwies, dass der Begriff Auswanderung zwischen EU-Mitgliedstaaten nicht anwendbar sei.<\/p>\n<p>In einer Erkl\u00e4rung nannte Egyutt Orban einen L\u00fcgner und bestand darauf, dass die meisten im Ausland arbeitenden Ungarn sich dazu entschieden h\u00e4tten, weil sie zu Hause keine Arbeit h\u00e4tten \u201eWir k\u00f6nnten sagen, dass diese Menschen Wirtschaftsfl\u00fcchtlinge sind.\u201cUngarn vermisst diejenigen Menschen, die durch Orbans Herrschaft aus dem Land vertrieben wurden\u201d, hie\u00df es.<\/p>\n<p>\u201cDie gr\u00f6\u00dfte Gefahr, der Ungarn ausgesetzt ist, sind nicht Einwanderer, sondern eine Politik, die die Armen und Gemeinschaften, die friedlich sind, aber eine andere Kultur haben, plagt\u201d, sagten die Liberalen in einer Erkl\u00e4rung.<\/p>\n<p>In einer weiteren Erkl\u00e4rung nannte PM Orban einen \u201cungeh\u00fcteten Politiker\u201d, der zum 70. Jahrestag der Befreiung des Budapester Ghettos durch \u201cAufstachelung zu fremdenfeindlichem Hass\u201d in seiner Radioansprache \u201cdas Schweigen des Gedenkens st\u00f6rte\u201d.<\/p>\n<p><em>Foto:&nbsp;<a href=\"http:\/\/kolozsvaros.ro\/-\/orban-viktor-del-koreaba-latogat\" data-ved=\"0CAYQjB0\" target=\"_blank\" rel=\"noopener\">kolozsvaros.ro<\/a><\/em><\/p>\n","protected":false},"excerpt":{"rendered":"<p>Budapest, 18. Januar (MTI) \u2013 Fragen rund um Verbraucherkredite in Fremdw\u00e4hrungen sollten zwischen Kreditgebern und Kreditnehmern gekl\u00e4rt werden, sagte Premierminister Viktor Orban am Sonntag gegen\u00fcber Kossuth Radio. Orban sagte, die Regierung k\u00f6nne in diesem Prozess als Vermittler fungieren, k\u00f6nne aber kein Urteil f\u00e4llen. Der Regierung sei es gelungen, Probleme im Zusammenhang mit Devisenhypotheken zu l\u00f6sen, [&hellip;]<\/p>\n","protected":false},"author":2,"featured_media":769830,"comment_status":"open","ping_status":"open","sticky":false,"template":"","format":"standard","meta":{"_acf_changed":false,"_display_image":"","footnotes":""},"categories":[1081],"tags":[1498,1128],"class_list":["post-769829","post","type-post","status-publish","format-standard","has-post-thumbnail","hentry","category-politik","tag-fx-darlehen","tag-viktor-orban"],"blocksy_meta":[],"acf":[],"author_username":"alk","telegram_post":"","public_post_metadata":{"breaking_news":"","important":"","csempe":"","center_tile":"","disable_thumbnail":"","target_lang":"","_featured_image_style":"","telegram_post":"","_xlat_group_id":""},"public_rank_math_data":{"title":"%title% %sep% %sitename%","description":"","focus_keyword":"","canonical_url":"","robots":"","primary_category":"1081","breadcrumb_title":"","facebook_title":"","facebook_description":"","facebook_image":"","facebook_image_id":"","twitter_title":"","twitter_description":"","twitter_image":"","twitter_image_id":"","twitter_card_type":"","twitter_use_facebook":"","advanced_robots":"","pillar_content":"","seo_score":"","contentai_score":"","rich_snippet":""},"_links":{"self":[{"href":"https:\/\/dailynewshungary.com\/de\/wp-json\/wp\/v2\/posts\/769829","targetHints":{"allow":["GET"]}}],"collection":[{"href":"https:\/\/dailynewshungary.com\/de\/wp-json\/wp\/v2\/posts"}],"about":[{"href":"https:\/\/dailynewshungary.com\/de\/wp-json\/wp\/v2\/types\/post"}],"author":[{"embeddable":true,"href":"https:\/\/dailynewshungary.com\/de\/wp-json\/wp\/v2\/users\/2"}],"replies":[{"embeddable":true,"href":"https:\/\/dailynewshungary.com\/de\/wp-json\/wp\/v2\/comments?post=769829"}],"version-history":[{"count":0,"href":"https:\/\/dailynewshungary.com\/de\/wp-json\/wp\/v2\/posts\/769829\/revisions"}],"wp:featuredmedia":[{"embeddable":true,"href":"https:\/\/dailynewshungary.com\/de\/wp-json\/wp\/v2\/media\/769830"}],"wp:attachment":[{"href":"https:\/\/dailynewshungary.com\/de\/wp-json\/wp\/v2\/media?parent=769829"}],"wp:term":[{"taxonomy":"category","embeddable":true,"href":"https:\/\/dailynewshungary.com\/de\/wp-json\/wp\/v2\/categories?post=769829"},{"taxonomy":"post_tag","embeddable":true,"href":"https:\/\/dailynewshungary.com\/de\/wp-json\/wp\/v2\/tags?post=769829"}],"curies":[{"name":"wp","href":"https:\/\/api.w.org\/{rel}","templated":true}]}}